{"id":242,"date":"2021-06-03T13:40:19","date_gmt":"2021-06-03T10:40:19","guid":{"rendered":"https:\/\/soteekki.fi\/blogi\/?p=242"},"modified":"2023-11-17T10:34:57","modified_gmt":"2023-11-17T08:34:57","slug":"soteekin-palveluohjaajien-esittelyt","status":"publish","type":"post","link":"https:\/\/www.soteekki.fi\/blogi\/soteekin-palveluohjaajien-esittelyt\/","title":{"rendered":"Soteekin palveluohjaajien esittelyt"},"content":{"rendered":"\n<p><strong>Nimi:<\/strong>&nbsp;Tero&nbsp;Martimo&nbsp;<\/p>\n\n\n\n<p><strong>Mik\u00e4&nbsp;on ammattisi?<\/strong>&nbsp;&nbsp;Koulutukseltani olen&nbsp;fysioterapeutti,&nbsp;nyky\u00e4\u00e4n&nbsp;palveluohjaaja.&nbsp;<\/p>\n\n\n\n<p><strong>Millainen ty\u00f6kokemus&nbsp;sinulla on?<\/strong>&nbsp;Toimin melkein 7 vuotta toiminimell\u00e4 yritt\u00e4j\u00e4n\u00e4.&nbsp;Ty\u00f6h\u00f6ni&nbsp;kuului fysioterapiaa, hierontaa,&nbsp;personal&nbsp;trainer&nbsp;hommia, ryhm\u00e4liikunnan ohjausta sek\u00e4 toimin&nbsp;my\u00f6s&nbsp;kuntosalivastaavana.&nbsp;<\/p>\n\n\n\n<p><strong>Mit\u00e4&nbsp;nykyiseen&nbsp;ty\u00f6h\u00f6si&nbsp;kuuluu?<\/strong>&nbsp;Nyky\u00e4\u00e4n ty\u00f6h\u00f6ni&nbsp;kuuluu opiskelijoiden&nbsp;ohjaaminen&nbsp;Soteekin&nbsp;ty\u00f6harjoittelussa.&nbsp;<\/p>\n\n\n\n<p><strong>Miten p\u00e4\u00e4dyit t\u00e4h\u00e4n ty\u00f6h\u00f6n?&nbsp;<\/strong>Entisen palveluohjaajan siirrytty\u00e4 uuteen ty\u00f6paikkaan, paikka vapautui. Samaan aikaan halusin vakautta ty\u00f6el\u00e4m\u00e4ss\u00e4, joten laitoin lyhyell\u00e4 varoitusajalla pillit pussiin toiminimiyritt\u00e4j\u00e4n\u00e4. Olen ty\u00f6skennellyt nyt vuodesta 2020 l\u00e4htien t\u00e4\u00e4ll\u00e4.<\/p>\n\n\n\n<p><strong>Mik\u00e4 ty\u00f6ss\u00e4si&nbsp;on&nbsp;parasta?<\/strong>&nbsp;Opiskelijat, heid\u00e4n&nbsp;ohjaaminen&nbsp;ja&nbsp;ideat.&nbsp;T\u00e4m\u00e4 on&nbsp;my\u00f6s&nbsp;nuorekas ty\u00f6ymp\u00e4rist\u00f6.&nbsp;<\/p>\n\n\n\n<p><strong>Lapsena ajattelin, ett\u00e4 isona minusta tulee:&nbsp;<\/strong>Huippu-urheilija&nbsp;<\/p>\n\n\n\n<p><strong>Miten viet\u00e4t vapaa-aikaasi?<\/strong>\u00a0Katson elokuvia, sarjoja, liikun\u00a0(erityisesti kuntosalilla)\u00a0ja\u00a0tykk\u00e4\u00e4n\u00a0lautapelien pelaamisesta.<\/p>\n\n\n\n<p><strong>Mill\u00e4 kolmella sanalla kuvailisit itse\u00e4si?<\/strong>\u00a0Energinen, huumorintajuinen\u00a0ja\u00a0intohimoinen.<\/p>\n\n\n\n<p><strong>Mik\u00e4 on lempi herkkusi?<\/strong>\u00a0Suklaa,\u00a0erityisesti\u00a0Maraboun\u00a0Premium levyt.<\/p>\n\n\n\n<p><strong>Kissat vai koirat?\u00a0<\/strong>Kissat,\u00a0kotoa l\u00f6ytyy\u00a0yksi\u00a0kissa.<\/p>\n\n\n\n<p><strong>Mit\u00e4 erityistaitoja sinulla on?<\/strong>\u00a0Miniatyyrin maalaaminen.<\/p>\n\n\n\n<p><strong>Jos saisit muuttaa yhden asian maailmassa, se olisi:\u00a0<\/strong>Luonnon tuhoaminen.<\/p>\n\n\n\n<p><strong>Hissi vai portaat?<\/strong>&nbsp;Hissi&nbsp;<\/p>\n\n\n\n<p><strong>Paras hetki p\u00e4iv\u00e4ss\u00e4 on:<\/strong>&nbsp;Kotiinl\u00e4ht\u00f6&nbsp;<\/p>\n\n\n\n<p><strong>Mink\u00e4 asian\u00a0tekisit, jos sinua ei pelottaisi\u00a0sen tekeminen?<\/strong>\u00a0Korkeat paikat j\u00e4nnitt\u00e4v\u00e4t,\u00a0joten\u00a0laskuvarjohyppy.\u00a0<\/p>\n\n\n\n<p><strong>Koti-ilta vai bileet?<\/strong>\u00a0Molemmat, nykyisin enempi koti-ilta.<\/p>\n\n\n\n<p><strong>Mitk\u00e4 kolme asiaa ottaisit mukaasi autiolle saarelle?<\/strong>\u00a0K\u00e4nnyk\u00e4n, monitoimity\u00f6kalun\u00a0ja\u00a0suolaa.\u00a0<\/p>\n\n\n\n<p><strong>Mik\u00e4 on lempi juhlapyh\u00e4si?<\/strong>&nbsp;Joulu&nbsp;<\/p>\n\n\n\n<p><strong>Jos sinun pit\u00e4isi valita vain yksi ruoka, jota s\u00f6isit koko loppu el\u00e4m\u00e4si, mit\u00e4 se olisi?<\/strong>\u00a0Hyv\u00e4 pizza.\u00a0<\/p>\n\n\n\n<p><strong>Kahvi- vai tee?<\/strong>&nbsp;Kahvi&nbsp;<\/p>\n\n\n\n<p><strong>Mik\u00e4 on salainen paheesi?<\/strong>\u00a0Herkut\u00a0v\u00e4h\u00e4n\u00a0liiallisessa m\u00e4\u00e4rin.\u00a0<\/p>\n\n\n\n<p><strong>Haluaisitko\u00a0mieluummin\u00a0osata olla n\u00e4kym\u00e4t\u00f6n vai osata lent\u00e4\u00e4?<\/strong>\u00a0Osata lent\u00e4\u00e4.<\/p>\n\n\n\n<p><strong>Ranta- vai kaupunkiloma?<\/strong>&nbsp;Rantaloma&nbsp;<\/p>\n\n\n\n<p><strong>Parasta just nyt:<\/strong>\u00a0Pian alkava kes\u00e4loma.\u00a0<\/p>\n\n\n\n<figure class=\"wp-block-image size-large\"><img loading=\"lazy\" decoding=\"async\" width=\"1024\" height=\"768\" src=\"https:\/\/www.soteekki.fi\/blogi\/wp-content\/uploads\/2021\/05\/image-11-1024x768.jpeg\" alt=\"\" class=\"wp-image-258\" srcset=\"https:\/\/www.soteekki.fi\/blogi\/wp-content\/uploads\/2021\/05\/image-11-1024x768.jpeg 1024w, https:\/\/www.soteekki.fi\/blogi\/wp-content\/uploads\/2021\/05\/image-11-300x225.jpeg 300w, https:\/\/www.soteekki.fi\/blogi\/wp-content\/uploads\/2021\/05\/image-11-768x576.jpeg 768w, https:\/\/www.soteekki.fi\/blogi\/wp-content\/uploads\/2021\/05\/image-11-1536x1152.jpeg 1536w, https:\/\/www.soteekki.fi\/blogi\/wp-content\/uploads\/2021\/05\/image-11.jpeg 1600w\" sizes=\"auto, (max-width: 767px) 89vw, (max-width: 1000px) 54vw, (max-width: 1071px) 543px, 580px\" \/><figcaption>Tero ohjaamassa opiskelijaesimies Anua. Kuvaaja: Sari Jokim\u00e4ki<\/figcaption><\/figure>\n\n\n\n<figure class=\"wp-block-image size-large\"><img loading=\"lazy\" decoding=\"async\" width=\"1024\" height=\"768\" src=\"https:\/\/www.soteekki.fi\/blogi\/wp-content\/uploads\/2021\/05\/image-12-1024x768.jpeg\" alt=\"\" class=\"wp-image-259\" srcset=\"https:\/\/www.soteekki.fi\/blogi\/wp-content\/uploads\/2021\/05\/image-12-1024x768.jpeg 1024w, https:\/\/www.soteekki.fi\/blogi\/wp-content\/uploads\/2021\/05\/image-12-300x225.jpeg 300w, https:\/\/www.soteekki.fi\/blogi\/wp-content\/uploads\/2021\/05\/image-12-768x576.jpeg 768w, https:\/\/www.soteekki.fi\/blogi\/wp-content\/uploads\/2021\/05\/image-12-1536x1152.jpeg 1536w, https:\/\/www.soteekki.fi\/blogi\/wp-content\/uploads\/2021\/05\/image-12.jpeg 1600w\" sizes=\"auto, (max-width: 767px) 89vw, (max-width: 1000px) 54vw, (max-width: 1071px) 543px, 580px\" \/><figcaption>Kuvaaja: Sari Jokim\u00e4ki<\/figcaption><\/figure>\n\n\n\n<p><\/p>\n\n\n\n<p><\/p>\n\n\n\n<p><strong>Nimi: <\/strong>Riikka Tupala<\/p>\n\n\n\n<p><strong>Mik\u00e4 on&nbsp;ammattisi?&nbsp;<\/strong>Koulutukseltani olen fysioterapeutti ja esteett\u00f6myyskartoittaja. Nyt ty\u00f6skentelen&nbsp;palveluohjaajana.&nbsp;&nbsp;<\/p>\n\n\n\n<p><strong>Mit\u00e4 nykyiseen ty\u00f6h\u00f6si kuuluu?\u00a0<\/strong>Soteekin\u00a0hallinnolliset\u00a0asiat\u00a0ja opiskelijoiden ohjaaminen.\u00a0<\/p>\n\n\n\n<p><strong>Miten&nbsp;olet&nbsp;p\u00e4\u00e4tynyt t\u00e4h\u00e4n ty\u00f6h\u00f6n?<\/strong>&nbsp;Olen ty\u00f6skennellyt SAMKissa reilun 10 vuoden ajan erilaisissa projekteissa projektity\u00f6ntekij\u00e4n\u00e4 ja -p\u00e4\u00e4llikk\u00f6n\u00e4 sek\u00e4 tutkimusryhm\u00e4n vet\u00e4j\u00e4n\u00e4. Paikka Soteekissa vapautui, kun Soteekin perustaja ja palveluohjaajan teht\u00e4v\u00e4ss\u00e4 ollut Heli Lamminen el\u00e4k\u00f6ityi.<\/p>\n\n\n\n<p><strong>Mik\u00e4 ty\u00f6ss\u00e4si\u00a0on\u00a0parasta?\u00a0<\/strong>Opiskelijoiden kanssa\u00a0tekem\u00e4\u00a0yhteisty\u00f6, uuden\u00a0kehitt\u00e4minen\u00a0ja\u00a0mielenkiintoinen tekeminen.\u00a0<\/p>\n\n\n\n<p><strong>Mik\u00e4 on roolisi\u00a0Soteekissa?<\/strong>\u00a0Palveluohjaaja,\u00a0Soteekin\u00a0hallinnolliset\u00a0asiat ja opiskelijoiden ohjaaminen.<\/p>\n\n\n\n<p><strong>Lapsena ajattelin, ett\u00e4 isona minusta tulee:&nbsp;<\/strong>Parturi-kampaaja&nbsp;<\/p>\n\n\n\n<p><strong>Miten viet\u00e4t vapaa-aikaasi?<\/strong>&nbsp;Perheen kanssa ja hevosten parissa l\u00e4hinn\u00e4 ravimaailmassa.<\/p>\n\n\n\n<p><strong>Mill\u00e4 kolmella sanalla kuvailisit itse\u00e4si?<\/strong>\u00a0Sitke\u00e4, iloinen ja kehitt\u00e4j\u00e4.\u00a0<\/p>\n\n\n\n<p><strong>Mik\u00e4 on lempi herkkusi?<\/strong>&nbsp;Suklaa&nbsp;<\/p>\n\n\n\n<p><strong>Kissat vai koirat?&nbsp;<\/strong>Kissat&nbsp;<\/p>\n\n\n\n<p><strong>Mit\u00e4 erityistaitoja sinulla on?<\/strong>&#8211;<\/p>\n\n\n\n<p><strong>Jos saisit muuttaa yhden asian maailmassa, se olisi:\u00a0<\/strong>Ettei raha olisi este hyvinvoinnille.\u00a0<\/p>\n\n\n\n<p><strong>Hissi vai portaat?<\/strong>\u00a0Portaat, mutta hissi t\u00e4rke\u00e4 esteett\u00f6myyden n\u00e4k\u00f6kulmasta.<\/p>\n\n\n\n<p><strong>Paras hetki p\u00e4iv\u00e4ss\u00e4 on:&nbsp;<\/strong>Lounasaika&nbsp;<\/p>\n\n\n\n<p><strong>Mit\u00e4 tekisit, jos sinua ei pelottaisi<\/strong>?&nbsp;&#8211;&nbsp;<\/p>\n\n\n\n<p><strong>Koti-ilta vai bileet?<\/strong>&nbsp;Koti-ilta&nbsp;&nbsp;<\/p>\n\n\n\n<p><strong>Mitk\u00e4 kolme asiaa ottaisit mukaasi autiolle saarelle?\u00a0<\/strong>T\u00e4rke\u00e4n henkil\u00f6n seuraksi, tulentekov\u00e4lineet ja juomavett\u00e4.<\/p>\n\n\n\n<p><strong>Mik\u00e4 on lempi juhlapyh\u00e4si?<\/strong>&nbsp;Joulu&nbsp;<\/p>\n\n\n\n<p><strong>Jos sinun pit\u00e4isi valita vain yksi ruoka, jota s\u00f6isit koko loppu el\u00e4m\u00e4si, mit\u00e4 se olisi?&nbsp;<\/strong>Kalakeitto&nbsp;<\/p>\n\n\n\n<p><strong>Kahvi- vai tee?<\/strong>&nbsp;Kahvi&nbsp;&nbsp;<\/p>\n\n\n\n<p><strong>Mik\u00e4 on salainen paheesi?\u00a0<\/strong>Makean napostelu.\u00a0<\/p>\n\n\n\n<p><strong>Haluaisitko mieluummin osata olla n\u00e4kym\u00e4t\u00f6n vai osata lent\u00e4\u00e4?&nbsp;<\/strong>Lent\u00e4\u00e4&nbsp;<\/p>\n\n\n\n<p><strong>Ranta- vai kaupunkiloma?&nbsp;<\/strong>Rantaloma&nbsp;<\/p>\n\n\n\n<p><strong>Parasta just nyt:\u00a0<\/strong>Kes\u00e4 on kulman takana.<\/p>\n\n\n\n<figure class=\"wp-block-image size-large\"><img loading=\"lazy\" decoding=\"async\" width=\"1024\" height=\"768\" src=\"https:\/\/www.soteekki.fi\/blogi\/wp-content\/uploads\/2021\/05\/image-13-1024x768.jpeg\" alt=\"\" class=\"wp-image-263\" srcset=\"https:\/\/www.soteekki.fi\/blogi\/wp-content\/uploads\/2021\/05\/image-13-1024x768.jpeg 1024w, https:\/\/www.soteekki.fi\/blogi\/wp-content\/uploads\/2021\/05\/image-13-300x225.jpeg 300w, https:\/\/www.soteekki.fi\/blogi\/wp-content\/uploads\/2021\/05\/image-13-768x576.jpeg 768w, https:\/\/www.soteekki.fi\/blogi\/wp-content\/uploads\/2021\/05\/image-13-1536x1152.jpeg 1536w, https:\/\/www.soteekki.fi\/blogi\/wp-content\/uploads\/2021\/05\/image-13.jpeg 1600w\" sizes=\"auto, (max-width: 767px) 89vw, (max-width: 1000px) 54vw, (max-width: 1071px) 543px, 580px\" \/><figcaption>Riikka ty\u00f6n touhussa. Kuvaaja: Sanna V\u00e4lim\u00e4ki<\/figcaption><\/figure>\n\n\n\n<figure class=\"wp-block-image size-large\"><img loading=\"lazy\" decoding=\"async\" width=\"1024\" height=\"768\" src=\"https:\/\/www.soteekki.fi\/blogi\/wp-content\/uploads\/2021\/05\/image-14-1024x768.jpeg\" alt=\"\" class=\"wp-image-264\" srcset=\"https:\/\/www.soteekki.fi\/blogi\/wp-content\/uploads\/2021\/05\/image-14-1024x768.jpeg 1024w, https:\/\/www.soteekki.fi\/blogi\/wp-content\/uploads\/2021\/05\/image-14-300x225.jpeg 300w, https:\/\/www.soteekki.fi\/blogi\/wp-content\/uploads\/2021\/05\/image-14-768x576.jpeg 768w, https:\/\/www.soteekki.fi\/blogi\/wp-content\/uploads\/2021\/05\/image-14-1536x1152.jpeg 1536w, https:\/\/www.soteekki.fi\/blogi\/wp-content\/uploads\/2021\/05\/image-14.jpeg 1600w\" sizes=\"auto, (max-width: 767px) 89vw, (max-width: 1000px) 54vw, (max-width: 1071px) 543px, 580px\" \/><figcaption>Kuvaaja: Sanna V\u00e4lim\u00e4ki<\/figcaption><\/figure>\n","protected":false},"excerpt":{"rendered":"<p>Nimi:&nbsp;Tero&nbsp;Martimo&nbsp; Mik\u00e4&nbsp;on ammattisi?&nbsp;&nbsp;Koulutukseltani olen&nbsp;fysioterapeutti,&nbsp;nyky\u00e4\u00e4n&nbsp;palveluohjaaja.&nbsp; Millainen ty\u00f6kokemus&nbsp;sinulla on?&nbsp;Toimin melkein 7 vuotta toiminimell\u00e4 yritt\u00e4j\u00e4n\u00e4.&nbsp;Ty\u00f6h\u00f6ni&nbsp;kuului fysioterapiaa, hierontaa,&nbsp;personal&nbsp;trainer&nbsp;hommia, ryhm\u00e4liikunnan ohjausta sek\u00e4 toimin&nbsp;my\u00f6s&nbsp;kuntosalivastaavana.&nbsp; Mit\u00e4&nbsp;nykyiseen&nbsp;ty\u00f6h\u00f6si&nbsp;kuuluu?&nbsp;Nyky\u00e4\u00e4n ty\u00f6h\u00f6ni&nbsp;kuuluu opiskelijoiden&nbsp;ohjaaminen&nbsp;Soteekin&nbsp;ty\u00f6harjoittelussa.&nbsp; Miten p\u00e4\u00e4dyit t\u00e4h\u00e4n ty\u00f6h\u00f6n?&nbsp;Entisen palveluohjaajan siirrytty\u00e4 uuteen ty\u00f6paikkaan, paikka vapautui. Samaan aikaan halusin vakautta ty\u00f6el\u00e4m\u00e4ss\u00e4, joten laitoin lyhyell\u00e4 varoitusajalla pillit pussiin toiminimiyritt\u00e4j\u00e4n\u00e4. Olen ty\u00f6skennellyt nyt vuodesta 2020 l\u00e4htien t\u00e4\u00e4ll\u00e4. Mik\u00e4 ty\u00f6ss\u00e4si&nbsp;on&nbsp;parasta?&nbsp;Opiskelijat, heid\u00e4n&nbsp;ohjaaminen&nbsp;ja&nbsp;ideat.&nbsp;T\u00e4m\u00e4 on&nbsp;my\u00f6s&nbsp;nuorekas ty\u00f6ymp\u00e4rist\u00f6.&nbsp; &hellip; <\/p>\n<p class=\"link-more\"><a href=\"https:\/\/www.soteekki.fi\/blogi\/soteekin-palveluohjaajien-esittelyt\/\" class=\"more-link\">Continue reading<span class=\"screen-reader-text\"> &#8220;Soteekin palveluohjaajien esittelyt&#8221;<\/span><\/a><\/p>\n","protected":false},"author":3,"featured_media":0,"comment_status":"open","ping_status":"open","sticky":false,"template":"","format":"standard","meta":{"footnotes":""},"categories":[43,11],"tags":[],"class_list":["post-242","post","type-post","status-publish","format-standard","hentry","category-soteekki-samk-opiskelu","category-yleinen-fi"],"_links":{"self":[{"href":"https:\/\/www.soteekki.fi\/blogi\/wp-json\/wp\/v2\/posts\/242","targetHints":{"allow":["GET"]}}],"collection":[{"href":"https:\/\/www.soteekki.fi\/blogi\/wp-json\/wp\/v2\/posts"}],"about":[{"href":"https:\/\/www.soteekki.fi\/blogi\/wp-json\/wp\/v2\/types\/post"}],"author":[{"embeddable":true,"href":"https:\/\/www.soteekki.fi\/blogi\/wp-json\/wp\/v2\/users\/3"}],"replies":[{"embeddable":true,"href":"https:\/\/www.soteekki.fi\/blogi\/wp-json\/wp\/v2\/comments?post=242"}],"version-history":[{"count":10,"href":"https:\/\/www.soteekki.fi\/blogi\/wp-json\/wp\/v2\/posts\/242\/revisions"}],"predecessor-version":[{"id":278,"href":"https:\/\/www.soteekki.fi\/blogi\/wp-json\/wp\/v2\/posts\/242\/revisions\/278"}],"wp:attachment":[{"href":"https:\/\/www.soteekki.fi\/blogi\/wp-json\/wp\/v2\/media?parent=242"}],"wp:term":[{"taxonomy":"category","embeddable":true,"href":"https:\/\/www.soteekki.fi\/blogi\/wp-json\/wp\/v2\/categories?post=242"},{"taxonomy":"post_tag","embeddable":true,"href":"https:\/\/www.soteekki.fi\/blogi\/wp-json\/wp\/v2\/tags?post=242"}],"curies":[{"name":"wp","href":"https:\/\/api.w.org\/{rel}","templated":true}]}}