{"id":300,"date":"2021-11-03T13:13:40","date_gmt":"2021-11-03T11:13:40","guid":{"rendered":"https:\/\/soteekki.fi\/blogi\/?p=300"},"modified":"2023-11-17T10:34:32","modified_gmt":"2023-11-17T08:34:32","slug":"opiskelijoiden-kokemukset-soteekin-harjoittelusta","status":"publish","type":"post","link":"https:\/\/www.soteekki.fi\/blogi\/opiskelijoiden-kokemukset-soteekin-harjoittelusta\/","title":{"rendered":"Opiskelijoiden kokemukset Soteekin harjoittelusta"},"content":{"rendered":"\n<p>Haastattelimme opiskelijoita heid\u00e4n kokemuksistaan Soteekin harjoittelusta. Haastatteluun osallistui v\u00e4hint\u00e4\u00e4n yksi jokaisesta koulutusohjelmasta (sosionomi, fysioterapeutti ja sairaanhoitaja). Opiskelijaesihenkil\u00f6ille esitimme v\u00e4h\u00e4n erilaisia kysymyksi\u00e4, jotta parempi k\u00e4sitys heid\u00e4n ty\u00f6teht\u00e4vist\u00e4\u00e4n saataisiin. Kysymyksiss\u00e4 ja vastauksissa esiintyv\u00e4t Soteekin palvelut ja sis\u00e4iset tiimit on paremmin avattu aikaisemmissa blogiteksteiss\u00e4, k\u00e4yh\u00e4n ihmeess\u00e4 lukemassa my\u00f6s ne!<\/p>\n\n\n\n<div class=\"wp-block-image\"><figure class=\"aligncenter size-large is-resized\"><img loading=\"lazy\" decoding=\"async\" src=\"https:\/\/www.soteekki.fi\/blogi\/wp-content\/uploads\/2021\/10\/8943856b-a3f4-47f4-a4fa-8103c70113ea-519x1024.jpg\" alt=\"\" class=\"wp-image-305\" width=\"254\" height=\"502\" srcset=\"https:\/\/www.soteekki.fi\/blogi\/wp-content\/uploads\/2021\/10\/8943856b-a3f4-47f4-a4fa-8103c70113ea-519x1024.jpg 519w, https:\/\/www.soteekki.fi\/blogi\/wp-content\/uploads\/2021\/10\/8943856b-a3f4-47f4-a4fa-8103c70113ea-152x300.jpg 152w, https:\/\/www.soteekki.fi\/blogi\/wp-content\/uploads\/2021\/10\/8943856b-a3f4-47f4-a4fa-8103c70113ea-768x1516.jpg 768w, https:\/\/www.soteekki.fi\/blogi\/wp-content\/uploads\/2021\/10\/8943856b-a3f4-47f4-a4fa-8103c70113ea-778x1536.jpg 778w, https:\/\/www.soteekki.fi\/blogi\/wp-content\/uploads\/2021\/10\/8943856b-a3f4-47f4-a4fa-8103c70113ea.jpg 912w\" sizes=\"auto, (max-width: 254px) 100vw, 254px\" \/><figcaption>Kyvyst\u00e4 heitt\u00e4yty\u00e4 ei ole ollenkaan haittaa Soteekissa. Kuvaaja Rasmus Hurmerinta. <\/figcaption><\/figure><\/div>\n\n\n\n<p><strong>3.vuoden sosionomiopiskelija. Viimeinen harjoitteluviikko menossa<\/strong>&nbsp;<\/p>\n\n\n\n<p><strong>Millaisissa palveluissa olet ollut mukana?&nbsp;<\/strong><\/p>\n\n\n\n<p>Olen ollut monen eri&nbsp;asiakasryhm\u00e4n&nbsp;palveluissa muun muassa vet\u00e4nyt ik\u00e4\u00e4ntyneille viriketoimintaa sek\u00e4 lastenhoito palveluissa.&nbsp;N\u00e4iden lis\u00e4ksi ollut mukana kamupalveluissa, jossa menn\u00e4\u00e4n pareittain asiakkaan luo ja esimerkiksi k\u00e4yd\u00e4\u00e4n k\u00e4velyll\u00e4 tai pelataan pelej\u00e4.&nbsp;<\/p>\n\n\n\n<p><strong>Mist\u00e4 palveluista olet pit\u00e4nyt eniten?&nbsp;<\/strong><\/p>\n\n\n\n<p>Kamupalvelut ovat&nbsp;mieluisempia. Ik\u00e4\u00e4ntyneet ja lapset ovat ik\u00e4ryhm\u00e4n\u00e4 vieraampia, joten ne ovat haastaneet eniten, mik\u00e4 toisaalta on kiva.&nbsp;&nbsp;<\/p>\n\n\n\n<p><strong>Oletko kokenut tuntien kerrytt\u00e4misen haasteelliseksi?<\/strong>&nbsp;<\/p>\n\n\n\n<p class=\"has-text-align-left\">Joo ja ei. Oma aktiivisuus vaikuttaa paljon tuntien kerrytt\u00e4miseen, esim. Sis\u00e4isten tiimien toiminnassa mukana olo.<\/p>\n\n\n\n<p class=\"has-text-align-left\"><strong>Miss\u00e4&nbsp;Soteekin&nbsp;tiimeiss\u00e4 olet ollut?<\/strong>&nbsp;<\/p>\n\n\n\n<p>KV- ja&nbsp;kokeilimotiimeiss\u00e4.&nbsp;<\/p>\n\n\n\n<p><strong>Mist\u00e4 olet&nbsp;Soteekissa&nbsp;pit\u00e4nyt eniten?&nbsp;<\/strong><\/p>\n\n\n\n<p>Erilaisiin&nbsp;ihmisiin tutustuminen sek\u00e4 kielitaidon k\u00e4ytt\u00e4minen ja yll\u00e4pit\u00e4minen.<\/p>\n\n\n\n<p>&nbsp;<\/p>\n\n\n\n<p><strong>2. vuoden sairaanhoitajaopiskelija. 4. harjoitteluviikko menossa<\/strong><\/p>\n\n\n\n<p><strong>Millaisissa palveluissa olet ollut mukana?&nbsp;<\/strong><\/p>\n\n\n\n<p>Kamupalveluissa, viriketoiminnassa ik\u00e4\u00e4ntyneille sek\u00e4 selviytyj\u00e4t tapahtumassa alakouluik\u00e4isille. <\/p>\n\n\n\n<p><strong>Mist\u00e4 palveluista olet pit\u00e4nyt eniten?&nbsp;<\/strong><\/p>\n\n\n\n<p>Kamupalvelu, koska ik\u00e4\u00e4ntyneiden yksin\u00e4isyyden ehk\u00e4iseminen on t\u00e4rke\u00e4\u00e4.<\/p>\n\n\n\n<p><strong>Oletko kokenut tuntien kerrytt\u00e4misen haasteelliseksi?<\/strong>&nbsp;&nbsp;<\/p>\n\n\n\n<p>Kyll\u00e4. Opiskelijoiden m\u00e4\u00e4r\u00e4 vaikuttaa tuntien kerrytt\u00e4miseen, koska palveluita opiskelijoita n\u00e4hden on v\u00e4h\u00e4n. <\/p>\n\n\n\n<p><strong>Miss\u00e4&nbsp;Soteekin&nbsp;tiimeiss\u00e4 olet ollut?&nbsp;<\/strong><\/p>\n\n\n\n<p>KV ja podcast.<\/p>\n\n\n\n<p><strong>Mist\u00e4 olet&nbsp;Soteekissa&nbsp;pit\u00e4nyt eniten?<\/strong>&nbsp;<\/p>\n\n\n\n<p>Itsen\u00e4isest\u00e4 suunnittelusta harjoittelun aikataulutuksessa sek\u00e4 uusiin ihmisiin tutustumisesta.  <\/p>\n\n\n\n<p><\/p>\n\n\n\n<p><\/p>\n\n\n\n<p><strong>2. vuoden<\/strong> <strong>fysioterapeuttiopiskelija.<\/strong> <strong>2. viikko menossa.<\/strong> <\/p>\n\n\n\n<p><strong>Millaisissa palveluissa olet ollut mukana?<\/strong>&nbsp;<\/p>\n\n\n\n<p>Ik\u00e4ihmisten viriketuokioissa sek\u00e4 kamupalvelussa.<\/p>\n\n\n\n<p><strong>Mist\u00e4 palveluista olet pit\u00e4nyt eniten?<\/strong>&nbsp;(mitk\u00e4 palvelut kiinnostavat eniten?)<\/p>\n\n\n\n<p>Lasten hoito, t\u00e4h\u00e4n palveluun olen vasta menossa. PETE-testit kiinnostaa my\u00f6s, t\u00e4m\u00e4kin viel\u00e4 vasta edess\u00e4.<\/p>\n\n\n\n<p><strong>Oletko kokenut tuntien kerrytt\u00e4misen haasteelliseksi?<\/strong>&nbsp;&nbsp;<\/p>\n\n\n\n<p>Kyll\u00e4. Tunteja varmasti kertyy kun harjoittelu l\u00e4htee kunnolla k\u00e4yntiin.<\/p>\n\n\n\n<p><strong>Miss\u00e4&nbsp;Soteekin&nbsp;tiimeiss\u00e4 olet ollut?<\/strong>&nbsp;<\/p>\n\n\n\n<p>Kokeilimo sek\u00e4 some-tiimiss\u00e4.<\/p>\n\n\n\n<p><strong>Mist\u00e4 olet&nbsp;Soteekissa&nbsp;pit\u00e4nyt eniten?<\/strong>&nbsp;<\/p>\n\n\n\n<p>Itsen\u00e4inen aikataulutus on kivaa sek\u00e4 mukavaa saada uusia kavereita. <\/p>\n\n\n\n<p>&nbsp;<\/p>\n\n\n\n<div class=\"wp-block-image\"><figure class=\"aligncenter size-large is-resized\"><img loading=\"lazy\" decoding=\"async\" src=\"https:\/\/www.soteekki.fi\/blogi\/wp-content\/uploads\/2021\/10\/1C532104-7410-473F-A9DB-84765B7F52D4-819x1024.jpg\" alt=\"\" class=\"wp-image-302\" width=\"342\" height=\"426\" srcset=\"https:\/\/www.soteekki.fi\/blogi\/wp-content\/uploads\/2021\/10\/1C532104-7410-473F-A9DB-84765B7F52D4-240x300.jpg 240w, https:\/\/www.soteekki.fi\/blogi\/wp-content\/uploads\/2021\/10\/1C532104-7410-473F-A9DB-84765B7F52D4-1229x1536.jpg 1229w\" sizes=\"auto, (max-width: 342px) 100vw, 342px\" \/><figcaption>Soteekkilaisia my\u00f6s Kurnajaiset-tapahtumassa ensiapuvastaavina. Kuvaaja Laura Koivisto<\/figcaption><\/figure><\/div>\n\n\n\n<p style=\"font-size:19px\">Esihenkil\u00f6iden haastattelu&nbsp;<\/p>\n\n\n\n<p><strong>2. vuoden sairaanhoitajaopiskelija, 4.&nbsp;harjoitteluviikko&nbsp;menossa.<\/strong>&nbsp;<\/p>\n\n\n\n<p><strong>Miksi hait opiskelijaesihenkil\u00f6n paikkaa?&nbsp;<\/strong><\/p>\n\n\n\n<p>Pid\u00e4n organisoinnista ja&nbsp;paineen alla ty\u00f6skentelyst\u00e4&nbsp;sek\u00e4 tykk\u00e4\u00e4n ottaa vastuuta.&nbsp;&nbsp;<\/p>\n\n\n\n<p><strong>Mit\u00e4&nbsp;olet p\u00e4\u00e4ssyt tekem\u00e4\u00e4n opiskelijaesihenkil\u00f6n\u00e4?&nbsp;<\/strong><\/p>\n\n\n\n<p>Huolehtinut Soteekin paitojen ja liivien saatavuudesta, tilityksest\u00e4 ja laskutuksesta,\u00a0tilastoinut\u00a0Soteekin\u00a0palveluja, pit\u00e4nyt yll\u00e4\u00a0Soteekin\u00a0siisteytt\u00e4,\u00a0p\u00e4ivittynyt\u00a0Soteekin\u00a0kalenteria sek\u00e4 suunnitellut muiden opiskelijoiden tuntien kerrytt\u00e4mist\u00e4.\u00a0<\/p>\n\n\n\n<p><strong>Mist\u00e4 olet pit\u00e4nyt eniten?&nbsp;<\/strong><\/p>\n\n\n\n<p>Ty\u00f6skentelyst\u00e4 muiden opiskelijoiden kanssa.&nbsp;<\/p>\n\n\n\n<p><strong>Miten kuvailisit omin sanoin opiskelijaesihenkil\u00f6n ty\u00f6teht\u00e4vi\u00e4?&nbsp;<\/strong><\/p>\n\n\n\n<p>Opiskelijaesihenkil\u00f6t aikatauluttavat ja j\u00e4rjest\u00e4v\u00e4t\u00a0Soteekin\u00a0toimintaa, sek\u00e4 huolehtivat, ett\u00e4 toiminta sujuu ja kaikilla on mukavaa. Isona osana teht\u00e4v\u00e4\u00e4 on auttaa muita opiskelijoita.\u00a0<\/p>\n\n\n\n<p><strong>Mit\u00e4 haluaisit sanoa uusille opiskelijaesihenkil\u00f6 teht\u00e4v\u00e4\u00e4n hakijoille?<\/strong>&nbsp;<\/p>\n\n\n\n<p>Ty\u00f6 on rentoa ja&nbsp;mukavaa. Kannattaa hakea, jos tykk\u00e4\u00e4 toimistotyyppisest\u00e4 ty\u00f6skentelyst\u00e4. Ty\u00f6ss\u00e4 saa harjoiteltua yritt\u00e4jyyteen liittyvi\u00e4 asioita.&nbsp;<\/p>\n\n\n\n<p><\/p>\n\n\n\n<p><\/p>\n\n\n\n<p>&nbsp;<strong>2. vuoden fysioterapeuttiopiskelija. 2. harjoittelu viikko menossa.<\/strong><\/p>\n\n\n\n<p><strong>Miksi hait opiskelijaesihenkil\u00f6n paikkaa?&nbsp;<\/strong><\/p>\n\n\n\n<p>Kiinnostaa hallinnolliset asiat ja haluan kehitty\u00e4 niiss\u00e4.<\/p>\n\n\n\n<p><strong>Mit\u00e4&nbsp;olet p\u00e4\u00e4ssyt tekem\u00e4\u00e4n opiskelijaesihenkil\u00f6n\u00e4?<\/strong>&nbsp;<\/p>\n\n\n\n<p>Aikatauluja, tilavarauksia, ajoneuvovarauksia sek\u00e4 huolehtinut toimiston viihtyvyydest\u00e4 esim. pit\u00e4nyt huolta, ett\u00e4 kahvia on tarjolla. <\/p>\n\n\n\n<p><strong>Mist\u00e4 olet pit\u00e4nyt eniten?&nbsp;<\/strong><\/p>\n\n\n\n<p>Aikataulujen teko on kivaa, kunhan aikataulujen j\u00e4rjestely on helppoa eik\u00e4 tarvita kauhean suuria s\u00e4\u00e4t\u00f6j\u00e4 tehd\u00e4.<\/p>\n\n\n\n<p><strong>Miten kuvailisit omin sanoin opiskelijaesihenkil\u00f6n ty\u00f6teht\u00e4vi\u00e4?<\/strong>&nbsp;<\/p>\n\n\n\n<p>Sopivan haastavia sek\u00e4 teht\u00e4vi\u00e4 l\u00f6ytyy laidasta laitaan. <\/p>\n\n\n\n<p><strong>Mit\u00e4 haluaisit sanoa uusille opiskelijaesihenkil\u00f6&nbsp;teht\u00e4v\u00e4\u00e4n hakijoille?<\/strong>&nbsp;&nbsp;<\/p>\n\n\n\n<p>Jos v\u00e4h\u00e4nkin mietitytt\u00e4\u00e4 hakemaan niin ehdottomasti hakemaan. T\u00e4ss\u00e4 ty\u00f6ss\u00e4 p\u00e4\u00e4see hyvin oppimaan hallinnollisia asioita. <\/p>\n\n\n\n<p><\/p>\n\n\n\n<p><\/p>\n\n\n\n<p>Blogi tekstin kirjoittanut sairaanhoitajaopiskelijat Elli Lappalainen ja Laura Koivisto<\/p>\n\n\n\n<p><\/p>\n","protected":false},"excerpt":{"rendered":"<p>Haastattelimme opiskelijoita heid\u00e4n kokemuksistaan Soteekin harjoittelusta. Haastatteluun osallistui v\u00e4hint\u00e4\u00e4n yksi jokaisesta koulutusohjelmasta (sosionomi, fysioterapeutti ja sairaanhoitaja). Opiskelijaesihenkil\u00f6ille esitimme v\u00e4h\u00e4n erilaisia kysymyksi\u00e4, jotta parempi k\u00e4sitys heid\u00e4n ty\u00f6teht\u00e4vist\u00e4\u00e4n saataisiin. Kysymyksiss\u00e4 ja vastauksissa esiintyv\u00e4t Soteekin palvelut ja sis\u00e4iset tiimit on paremmin avattu aikaisemmissa blogiteksteiss\u00e4, k\u00e4yh\u00e4n ihmeess\u00e4 lukemassa my\u00f6s ne! 3.vuoden sosionomiopiskelija. Viimeinen harjoitteluviikko menossa&nbsp; Millaisissa palveluissa olet ollut &hellip; <\/p>\n<p class=\"link-more\"><a href=\"https:\/\/www.soteekki.fi\/blogi\/opiskelijoiden-kokemukset-soteekin-harjoittelusta\/\" class=\"more-link\">Continue reading<span class=\"screen-reader-text\"> &#8220;Opiskelijoiden kokemukset Soteekin harjoittelusta&#8221;<\/span><\/a><\/p>\n","protected":false},"author":3,"featured_media":0,"comment_status":"open","ping_status":"open","sticky":false,"template":"","format":"standard","meta":{"footnotes":""},"categories":[43,11],"tags":[],"class_list":["post-300","post","type-post","status-publish","format-standard","hentry","category-soteekki-samk-opiskelu","category-yleinen-fi"],"_links":{"self":[{"href":"https:\/\/www.soteekki.fi\/blogi\/wp-json\/wp\/v2\/posts\/300","targetHints":{"allow":["GET"]}}],"collection":[{"href":"https:\/\/www.soteekki.fi\/blogi\/wp-json\/wp\/v2\/posts"}],"about":[{"href":"https:\/\/www.soteekki.fi\/blogi\/wp-json\/wp\/v2\/types\/post"}],"author":[{"embeddable":true,"href":"https:\/\/www.soteekki.fi\/blogi\/wp-json\/wp\/v2\/users\/3"}],"replies":[{"embeddable":true,"href":"https:\/\/www.soteekki.fi\/blogi\/wp-json\/wp\/v2\/comments?post=300"}],"version-history":[{"count":9,"href":"https:\/\/www.soteekki.fi\/blogi\/wp-json\/wp\/v2\/posts\/300\/revisions"}],"predecessor-version":[{"id":350,"href":"https:\/\/www.soteekki.fi\/blogi\/wp-json\/wp\/v2\/posts\/300\/revisions\/350"}],"wp:attachment":[{"href":"https:\/\/www.soteekki.fi\/blogi\/wp-json\/wp\/v2\/media?parent=300"}],"wp:term":[{"taxonomy":"category","embeddable":true,"href":"https:\/\/www.soteekki.fi\/blogi\/wp-json\/wp\/v2\/categories?post=300"},{"taxonomy":"post_tag","embeddable":true,"href":"https:\/\/www.soteekki.fi\/blogi\/wp-json\/wp\/v2\/tags?post=300"}],"curies":[{"name":"wp","href":"https:\/\/api.w.org\/{rel}","templated":true}]}}