{"id":366,"date":"2022-04-14T16:50:47","date_gmt":"2022-04-14T13:50:47","guid":{"rendered":"https:\/\/soteekki.fi\/blogi\/?p=366"},"modified":"2023-11-17T10:33:48","modified_gmt":"2023-11-17T08:33:48","slug":"tasta-se-lahtee","status":"publish","type":"post","link":"https:\/\/www.soteekki.fi\/blogi\/tasta-se-lahtee\/","title":{"rendered":"T\u00e4st\u00e4 se l\u00e4htee!\u00a0"},"content":{"rendered":"\n<p>Kuten voitte n\u00e4hd\u00e4, Soteekin blogi on j\u00e4lleen aktivoitunut! T\u00e4ll\u00e4 viikolla py\u00f6r\u00e4hti k\u00e4yntiin uusien sosiaalialan- ja fysioterapiaopiskelijoiden Soteekki harjoittelu ja lis\u00e4ksi harkassa oli ennest\u00e4\u00e4n jo fysioterapeutti- ja sairaanhoitajaopiskelijoita. T\u00e4n\u00e4\u00e4n t\u00e4\u00e4ll\u00e4 ruudun takana kirjoittelee sosionomiopiskelijat Nina ja Sanni.\u00a0\u00a0<\/p>\n\n\n\n<p>Kelataanpa ihan viikon alkuun ja katsotaan, mist\u00e4 olemme l\u00e4hteneet liikkeelle\u2026&nbsp;<\/p>\n\n\n\n<p>Maanantaina kello yhdeks\u00e4lt\u00e4 p\u00e4r\u00e4hti k\u00e4yntiin uuden ryhm\u00e4n orientaatiop\u00e4iv\u00e4. P\u00e4iv\u00e4 sis\u00e4lsi niin luentoja palveluohjaajilta, kuin my\u00f6s jo itse palveluiden kimppuun k\u00e4ymist\u00e4. P\u00e4\u00e4simme siis heti alkuun jo n\u00e4kem\u00e4\u00e4n Soteekin varsinaisia t\u00f6it\u00e4 ja samalla tutustumaan tulevien viikkojen uusiin ty\u00f6kavereihin. Ei h\u00e4t\u00e4\u00e4, vaikka ensimm\u00e4isin\u00e4 p\u00e4ivin\u00e4 ei viel\u00e4 palvelutunteja tulisi, tekemist\u00e4 kyll\u00e4 varmasti riitt\u00e4\u00e4 ihan jo perusteisiin tutustumisessa ja oman paikan etsimisess\u00e4. Uutta asiaa tuli niin paljon ja useasta suunnasta, ett\u00e4 orientaatiop\u00e4iv\u00e4n lopuksi ainakin allekirjoittaneilla oli jo p\u00e4\u00e4 hieman sekaisin t\u00e4st\u00e4 infotulvasta. T\u00e4st\u00e4 oli siis hyv\u00e4 l\u00e4hte\u00e4 liikkeelle!<\/p>\n\n\n\n<p>Seuraava p\u00e4iv\u00e4 alkoi tilojen esittelyll\u00e4 ja jatkui yhteisen ty\u00f6yhteis\u00f6luennon parissa. T\u00e4m\u00e4n j\u00e4lkeen hajaannuimmekin jo kaikki omiin hommiimme. Palveluiden teemoissa on t\u00e4ll\u00e4 viikolla erityisesti n\u00e4kynyt p\u00e4\u00e4si\u00e4inen. Ryhm\u00e4t ovat mm. istuttaneet rairuohoa, koristelleet pajunkissoista virvontavitsoja sek\u00e4 v\u00e4ritelleet p\u00e4\u00e4si\u00e4iskuvia!<\/p>\n\n\n\n<figure class=\"wp-block-image size-medium is-style-rounded\"><img loading=\"lazy\" decoding=\"async\" width=\"300\" height=\"225\" src=\"https:\/\/www.soteekki.fi\/blogi\/wp-content\/uploads\/2022\/04\/Paasiaiskuva-1-300x225.png\" alt=\"Kuvassa p\u00e4\u00e4si\u00e4isaskarteluja ja rairuohoistutuksia.\" class=\"wp-image-368\" srcset=\"https:\/\/www.soteekki.fi\/blogi\/wp-content\/uploads\/2022\/04\/Paasiaiskuva-1-300x225.png 300w, https:\/\/www.soteekki.fi\/blogi\/wp-content\/uploads\/2022\/04\/Paasiaiskuva-1.png 446w\" sizes=\"auto, (max-width: 300px) 100vw, 300px\" \/><figcaption><em>My\u00f6s Soteekin toimistolla on p\u00e4\u00e4sty nauttimaan ihanista p\u00e4\u00e4si\u00e4iskoristeista.<\/em><\/figcaption><\/figure>\n\n\n\n<p>Toimistolla ollaankin paljon keskusteltu p\u00e4\u00e4si\u00e4isperinteist\u00e4. Mit\u00e4 juuri sun p\u00e4\u00e4si\u00e4iseen kuuluu? Munajahtia vai virpomista? Kyselimme aiheesta my\u00f6s kansainv\u00e4lisilt\u00e4 opiskelijoilta, jotka ovat p\u00e4\u00e4sseet tutustumaan suomalaisiin perinteisiin. Haastateltavina olivat sairaanhoitajaopiskelijat Janet ja Vanessa. Juttelimme yleisesti p\u00e4\u00e4si\u00e4isen perinteist\u00e4, joita suomalaisesta kulttuurista l\u00f6ytyy. Tuttuun tapaan, my\u00f6s m\u00e4mmi jakoi mielipiteit\u00e4. Mit\u00e4 mielt\u00e4 s\u00e4 olet m\u00e4mmist\u00e4?<\/p>\n\n\n\n<div class=\"wp-block-image is-style-rounded\"><figure class=\"alignright size-medium is-resized\"><img loading=\"lazy\" decoding=\"async\" src=\"https:\/\/www.soteekki.fi\/blogi\/wp-content\/uploads\/2022\/04\/Virpomisvitsat-224x300.png\" alt=\"Kuvassa virpomisvitsoja maljakossa p\u00f6yd\u00e4ll\u00e4.\" class=\"wp-image-369\" width=\"178\" height=\"238\" srcset=\"https:\/\/www.soteekki.fi\/blogi\/wp-content\/uploads\/2022\/04\/Virpomisvitsat-224x300.png 224w, https:\/\/www.soteekki.fi\/blogi\/wp-content\/uploads\/2022\/04\/Virpomisvitsat.png 254w\" sizes=\"auto, (max-width: 178px) 100vw, 178px\" \/><figcaption><em>Kuvassa ik\u00e4ihmisten kanssa yhdess\u00e4 tehdyt virpomisvitsat, joista iloa riitti.<\/em><\/figcaption><\/figure><\/div>\n\n\n\n<div class=\"wp-block-group\"><div class=\"wp-block-group__inner-container is-layout-flow wp-block-group-is-layout-flow\">\n<div class=\"wp-block-columns is-layout-flex wp-container-core-columns-is-layout-9d6595d7 wp-block-columns-is-layout-flex\">\n<div class=\"wp-block-column is-layout-flow wp-block-column-is-layout-flow\" style=\"flex-basis:100%\">\n<div class=\"wp-block-group\"><div class=\"wp-block-group__inner-container is-layout-flow wp-block-group-is-layout-flow\">\n<p style=\"font-size:14px\"><strong>Mik\u00e4 on suosikki p\u00e4\u00e4si\u00e4isperinteesi kotoa?<\/strong><br><em>Suosikki p\u00e4\u00e4si\u00e4isperinne on kirkossa k\u00e4ynti ja p\u00e4\u00e4si\u00e4iskoristeet.<\/em><\/p>\n\n\n\n<p style=\"font-size:14px\"><strong>Oletko p\u00e4\u00e4ssyt tutustumaan suomalaiseen p\u00e4\u00e4si\u00e4iskulttuuriin? Mik\u00e4 on lempi p\u00e4\u00e4si\u00e4isjuttusi Suomessa?<\/strong><br><em>Virpominen ja siihen kuuluva pukeutuminen ovat hauskoja.<\/em> <em>P\u00e4\u00e4sis\u00e4isvitsojen koristelu.<\/em><\/p>\n\n\n\n<p style=\"font-size:14px\"><strong>Mik\u00e4 on kummallisin p\u00e4\u00e4si\u00e4isperinne, josta olet kuullut?<\/strong><br><em>Mieleen ei tule mit\u00e4\u00e4n erikoista<\/em><\/p>\n\n\n\n<p style=\"font-size:14px\"><strong>Haluaisitko tutustua erityisesti johonkin suomalaiseen p\u00e4\u00e4si\u00e4isperinteeseen?<\/strong><br><em>P\u00e4\u00e4si\u00e4isen virpomistapahtumaan.<\/em><\/p>\n<\/div><\/div>\n<\/div>\n<\/div>\n<\/div><\/div>\n\n\n\n<p>T\u00e4ss\u00e4 kohtaa me kiitet\u00e4\u00e4n ja kumarretaan. Soteekin toimisto l\u00e4htee p\u00e4\u00e4si\u00e4islomille perjantaista maanantaihin! Hommiin palaillaan siis taas tiistaina. Silloin my\u00f6s blogitiimi alkaa kunnolla suunnitteluhommiin tulevaisuuden varalta. Olkaa siis kuulolla tulevia juttuja varten!<\/p>\n\n\n\n<p><\/p>\n\n\n\n<p><em>Terveisin, sosionomiopiskelijat Nina ja Sanni<\/em><\/p>\n","protected":false},"excerpt":{"rendered":"<p>Kuten voitte n\u00e4hd\u00e4, Soteekin blogi on j\u00e4lleen aktivoitunut! T\u00e4ll\u00e4 viikolla py\u00f6r\u00e4hti k\u00e4yntiin uusien sosiaalialan- ja fysioterapiaopiskelijoiden Soteekki harjoittelu ja lis\u00e4ksi harkassa oli ennest\u00e4\u00e4n jo fysioterapeutti- ja sairaanhoitajaopiskelijoita. T\u00e4n\u00e4\u00e4n t\u00e4\u00e4ll\u00e4 ruudun takana kirjoittelee sosionomiopiskelijat Nina ja Sanni.\u00a0\u00a0 Kelataanpa ihan viikon alkuun ja katsotaan, mist\u00e4 olemme l\u00e4hteneet liikkeelle\u2026&nbsp; Maanantaina kello yhdeks\u00e4lt\u00e4 p\u00e4r\u00e4hti k\u00e4yntiin uuden ryhm\u00e4n orientaatiop\u00e4iv\u00e4. P\u00e4iv\u00e4 &hellip; <\/p>\n<p class=\"link-more\"><a href=\"https:\/\/www.soteekki.fi\/blogi\/tasta-se-lahtee\/\" class=\"more-link\">Continue reading<span class=\"screen-reader-text\"> &#8220;T\u00e4st\u00e4 se l\u00e4htee!\u00a0&#8220;<\/span><\/a><\/p>\n","protected":false},"author":3,"featured_media":0,"comment_status":"open","ping_status":"open","sticky":false,"template":"","format":"standard","meta":{"footnotes":""},"categories":[43,11],"tags":[],"class_list":["post-366","post","type-post","status-publish","format-standard","hentry","category-soteekki-samk-opiskelu","category-yleinen-fi"],"_links":{"self":[{"href":"https:\/\/www.soteekki.fi\/blogi\/wp-json\/wp\/v2\/posts\/366","targetHints":{"allow":["GET"]}}],"collection":[{"href":"https:\/\/www.soteekki.fi\/blogi\/wp-json\/wp\/v2\/posts"}],"about":[{"href":"https:\/\/www.soteekki.fi\/blogi\/wp-json\/wp\/v2\/types\/post"}],"author":[{"embeddable":true,"href":"https:\/\/www.soteekki.fi\/blogi\/wp-json\/wp\/v2\/users\/3"}],"replies":[{"embeddable":true,"href":"https:\/\/www.soteekki.fi\/blogi\/wp-json\/wp\/v2\/comments?post=366"}],"version-history":[{"count":9,"href":"https:\/\/www.soteekki.fi\/blogi\/wp-json\/wp\/v2\/posts\/366\/revisions"}],"predecessor-version":[{"id":382,"href":"https:\/\/www.soteekki.fi\/blogi\/wp-json\/wp\/v2\/posts\/366\/revisions\/382"}],"wp:attachment":[{"href":"https:\/\/www.soteekki.fi\/blogi\/wp-json\/wp\/v2\/media?parent=366"}],"wp:term":[{"taxonomy":"category","embeddable":true,"href":"https:\/\/www.soteekki.fi\/blogi\/wp-json\/wp\/v2\/categories?post=366"},{"taxonomy":"post_tag","embeddable":true,"href":"https:\/\/www.soteekki.fi\/blogi\/wp-json\/wp\/v2\/tags?post=366"}],"curies":[{"name":"wp","href":"https:\/\/api.w.org\/{rel}","templated":true}]}}