{"id":450,"date":"2022-05-03T13:12:46","date_gmt":"2022-05-03T10:12:46","guid":{"rendered":"https:\/\/soteekki.fi\/blogi\/?p=450"},"modified":"2023-11-17T10:33:05","modified_gmt":"2023-11-17T08:33:05","slug":"soteekki-international-day-29-4-2022","status":"publish","type":"post","link":"https:\/\/www.soteekki.fi\/blogi\/soteekki-international-day-29-4-2022\/","title":{"rendered":"Soteekki international day 29.4.2022"},"content":{"rendered":"\n<p>Kansainv\u00e4lisyys aiheena on puhuttanut meit\u00e4 paljon Soteekin aikana. Se nousee jatkuvasti pintaan, jos jonkinlaisesta n\u00e4k\u00f6kulmasta. Haluamme tarjota Soteekissa tasa-arvoisen mahdollisuuden osallistua niin palveluihin, kuin Soteekin sis\u00e4iseen toimintaan ja sen kehitt\u00e4miseenkin. Edistymme pienin askelin ja yhdess\u00e4 yll\u00e4pid\u00e4mme t\u00e4t\u00e4 ajatusta.&nbsp;<\/p>\n\n\n\n<p>Perjantaina 29.4. vietettiin Soteekissa kansainv\u00e4list\u00e4 p\u00e4iv\u00e4\u00e4. P\u00e4iv\u00e4n suunnitteli Soteekin oma KV-tiimi. Tapahtuman tavoitteena oli tuoda yhteen niin kansainv\u00e4lisi\u00e4 opiskelijoita, kuin my\u00f6s Soteekin henkil\u00f6it\u00e4. Toiveenamme oli luoda helposti l\u00e4hestytt\u00e4v\u00e4 tapahtuma, jossa tarjolla oli monikulttuurisuutta, yhteist\u00e4 hauskanpitoa ja mahdollisuus l\u00e4hesty\u00e4 Soteekkia ennen oman harjoittelun aloittamista. &nbsp;<\/p>\n\n\n\n<div class=\"wp-block-image is-style-default\"><figure class=\"alignright size-full is-resized\"><img loading=\"lazy\" decoding=\"async\" src=\"https:\/\/www.soteekki.fi\/blogi\/wp-content\/uploads\/2022\/05\/12.jpg\" alt=\"\" class=\"wp-image-451\" width=\"259\" height=\"346\" srcset=\"https:\/\/www.soteekki.fi\/blogi\/wp-content\/uploads\/2022\/05\/12.jpg 613w, https:\/\/www.soteekki.fi\/blogi\/wp-content\/uploads\/2022\/05\/12-225x300.jpg 225w\" sizes=\"auto, (max-width: 259px) 100vw, 259px\" \/><figcaption>Kuvassa vietnamilaisia nukkeja sek\u00e4 tasapainottelevia korentoja.<\/figcaption><\/figure><\/div>\n\n\n\n<p>P\u00e4iv\u00e4 l\u00e4hti liikkeelle kello 10, kun Agora- salin ovet avautuivat. Tarjolla oli tutustumista edist\u00e4vi\u00e4 leikkej\u00e4, Suomalaista kulttuuria juhlivia pelej\u00e4 sek\u00e4 muista kulttuureista tuotuja kauniita muistoja. Aloitimme p\u00e4iv\u00e4n yhdess\u00e4 tuttujen Soteekkilaisten kanssa ja vaikka kolme viikkoa olemme jo yhdess\u00e4 viett\u00e4neet, aina voi oppia jotain uutta toisesta. <\/p>\n\n\n\n<p>Lounastauon j\u00e4lkeen saimmekin vieraaksemme kansainv\u00e4lisi\u00e4 opiskelijoita. Tutustuttuamme hieman toisiimme siirryimme maistelemaan Suomalaisia \u201cherkkuja\u201d. Tarjolla oli m\u00e4mmi\u00e4, leip\u00e4juustoa, salmiakkia ja tietenkin vapun kunniaksi simaa ja pikku donitseja. Ohjelmassa oli my\u00f6s sopivan kilpahenkist\u00e4 pelailua, Aliasta, perinteist\u00e4 saappaan heittoa ja lopuksi k\u00f6ydenvetoa.&nbsp;<\/p>\n\n\n\n<div class=\"wp-block-image\"><figure class=\"aligncenter size-full is-resized\"><img loading=\"lazy\" decoding=\"async\" src=\"https:\/\/www.soteekki.fi\/blogi\/wp-content\/uploads\/2022\/05\/13.jpg\" alt=\"\" class=\"wp-image-452\" width=\"396\" height=\"296\" srcset=\"https:\/\/www.soteekki.fi\/blogi\/wp-content\/uploads\/2022\/05\/13.jpg 908w, https:\/\/www.soteekki.fi\/blogi\/wp-content\/uploads\/2022\/05\/13-300x225.jpg 300w, https:\/\/www.soteekki.fi\/blogi\/wp-content\/uploads\/2022\/05\/13-768x576.jpg 768w\" sizes=\"auto, (max-width: 396px) 100vw, 396px\" \/><figcaption>Kelpaisko n\u00e4\u00e4 herkut sulle? <\/figcaption><\/figure><\/div>\n\n\n\n<div class=\"wp-block-image\"><figure class=\"alignleft size-full is-resized\"><img loading=\"lazy\" decoding=\"async\" src=\"https:\/\/www.soteekki.fi\/blogi\/wp-content\/uploads\/2022\/05\/14-2.jpg\" alt=\"\" class=\"wp-image-458\" width=\"237\" height=\"315\" srcset=\"https:\/\/www.soteekki.fi\/blogi\/wp-content\/uploads\/2022\/05\/14-2.jpg 637w, https:\/\/www.soteekki.fi\/blogi\/wp-content\/uploads\/2022\/05\/14-2-225x300.jpg 225w\" sizes=\"auto, (max-width: 237px) 100vw, 237px\" \/><figcaption>Suomalaisia vappuperinteit\u00e4 kunnioittaen tarjolla oli tietenkin my\u00f6s munkkeja ja simaa!<\/figcaption><\/figure><\/div>\n\n\n\n<p>Tarjolla olevista herkuista suosikeiksi nousivat leip\u00e4juusto ja sima. Yll\u00e4tykseksi my\u00f6s m\u00e4mmi\u00e4 maistettiin rohkeasti ja jakoihan se tuttuun tapaan mielipiteit\u00e4. Kiivasta keskustelua k\u00e4ytiin niin puolesta, kuin vastaan. Suunnitellessamme tapahtumaa k\u00e4vimme l\u00e4pi my\u00f6s muiden kulttuurien perinneruokia. Mik\u00e4\u00e4n ei olisi ollut niin mahtavaa, kuin saada my\u00f6s n\u00e4it\u00e4 ruokia ja herkkuja tarjolle. <\/p>\n\n\n\n<p>Monikulttuurisuus loisti my\u00f6s pukeutumisessa. Jokainen KV- tiimin j\u00e4sen toi mukanaan jotain omaan kulttuuriinsa liittyv\u00e4\u00e4 p\u00e4\u00e4ll\u00e4\u00e4n, oli se sitten kansallispuku tai oman suvun perinteit\u00e4. Paikalla n\u00e4htiin niin Afrikkalaista ja Vietnamilaista muotia, kuin my\u00f6s supisuomalainen saunatakki ja kurasaappaat. N\u00e4it\u00e4 esittelimme tietenkin catwalk tunnelmissa musiikin pauhatessa.<\/p>\n\n\n\n<p>Mahtavinta koko tapahtumassa oli yhteishenki ja reipas heitt\u00e4ytyminen hauskanpitoon! Kaikki l\u00e4htiv\u00e4t mukaan upeasti ja naurulta, sek\u00e4 hauskoilta tilanteilta ei voitu v\u00e4ltty\u00e4. Nauru raikasi aina Soteekin toimistolle asti! Perjantai oli my\u00f6s sairaanhoitaja- opiskelijoiden viimeinen p\u00e4iv\u00e4 Soteekissa, eik\u00e4 parempaa viimeist\u00e4 p\u00e4iv\u00e4\u00e4 olisi voinut toivoa. Olemme kiitollisia mahdollisuudesta j\u00e4rjest\u00e4\u00e4 t\u00e4llainen tapahtuma, kiitollisia niin muille KV- tiimin j\u00e4senille, osallistujille, kuin my\u00f6s esihenkil\u00f6illemme, joiden avulla t\u00e4m\u00e4 oli mahdollista.<\/p>\n\n\n\n<div class=\"wp-block-image\"><figure class=\"aligncenter size-large is-resized\"><img loading=\"lazy\" decoding=\"async\" src=\"https:\/\/www.soteekki.fi\/blogi\/wp-content\/uploads\/2022\/05\/15-1024x769.jpg\" alt=\"\" class=\"wp-image-454\" width=\"460\" height=\"345\" srcset=\"https:\/\/www.soteekki.fi\/blogi\/wp-content\/uploads\/2022\/05\/15-1024x769.jpg 1024w, https:\/\/www.soteekki.fi\/blogi\/wp-content\/uploads\/2022\/05\/15-300x225.jpg 300w, https:\/\/www.soteekki.fi\/blogi\/wp-content\/uploads\/2022\/05\/15-768x576.jpg 768w, https:\/\/www.soteekki.fi\/blogi\/wp-content\/uploads\/2022\/05\/15.jpg 1379w\" sizes=\"auto, (max-width: 460px) 100vw, 460px\" \/><figcaption>Muistetaan vet\u00e4\u00e4 aina yht\u00e4 k\u00f6ytt\u00e4! Strong together!<\/figcaption><\/figure><\/div>\n\n\n\n<p><\/p>\n","protected":false},"excerpt":{"rendered":"<p>Kansainv\u00e4lisyys aiheena on puhuttanut meit\u00e4 paljon Soteekin aikana. Se nousee jatkuvasti pintaan, jos jonkinlaisesta n\u00e4k\u00f6kulmasta. Haluamme tarjota Soteekissa tasa-arvoisen mahdollisuuden osallistua niin palveluihin, kuin Soteekin sis\u00e4iseen toimintaan ja sen kehitt\u00e4miseenkin. Edistymme pienin askelin ja yhdess\u00e4 yll\u00e4pid\u00e4mme t\u00e4t\u00e4 ajatusta.&nbsp; Perjantaina 29.4. vietettiin Soteekissa kansainv\u00e4list\u00e4 p\u00e4iv\u00e4\u00e4. P\u00e4iv\u00e4n suunnitteli Soteekin oma KV-tiimi. Tapahtuman tavoitteena oli tuoda yhteen niin &hellip; <\/p>\n<p class=\"link-more\"><a href=\"https:\/\/www.soteekki.fi\/blogi\/soteekki-international-day-29-4-2022\/\" class=\"more-link\">Continue reading<span class=\"screen-reader-text\"> &#8220;Soteekki international day 29.4.2022&#8221;<\/span><\/a><\/p>\n","protected":false},"author":3,"featured_media":0,"comment_status":"open","ping_status":"open","sticky":false,"template":"","format":"standard","meta":{"footnotes":""},"categories":[43,11],"tags":[],"class_list":["post-450","post","type-post","status-publish","format-standard","hentry","category-soteekki-samk-opiskelu","category-yleinen-fi"],"_links":{"self":[{"href":"https:\/\/www.soteekki.fi\/blogi\/wp-json\/wp\/v2\/posts\/450","targetHints":{"allow":["GET"]}}],"collection":[{"href":"https:\/\/www.soteekki.fi\/blogi\/wp-json\/wp\/v2\/posts"}],"about":[{"href":"https:\/\/www.soteekki.fi\/blogi\/wp-json\/wp\/v2\/types\/post"}],"author":[{"embeddable":true,"href":"https:\/\/www.soteekki.fi\/blogi\/wp-json\/wp\/v2\/users\/3"}],"replies":[{"embeddable":true,"href":"https:\/\/www.soteekki.fi\/blogi\/wp-json\/wp\/v2\/comments?post=450"}],"version-history":[{"count":11,"href":"https:\/\/www.soteekki.fi\/blogi\/wp-json\/wp\/v2\/posts\/450\/revisions"}],"predecessor-version":[{"id":468,"href":"https:\/\/www.soteekki.fi\/blogi\/wp-json\/wp\/v2\/posts\/450\/revisions\/468"}],"wp:attachment":[{"href":"https:\/\/www.soteekki.fi\/blogi\/wp-json\/wp\/v2\/media?parent=450"}],"wp:term":[{"taxonomy":"category","embeddable":true,"href":"https:\/\/www.soteekki.fi\/blogi\/wp-json\/wp\/v2\/categories?post=450"},{"taxonomy":"post_tag","embeddable":true,"href":"https:\/\/www.soteekki.fi\/blogi\/wp-json\/wp\/v2\/tags?post=450"}],"curies":[{"name":"wp","href":"https:\/\/api.w.org\/{rel}","templated":true}]}}