{"id":483,"date":"2022-06-02T10:18:48","date_gmt":"2022-06-02T07:18:48","guid":{"rendered":"https:\/\/soteekki.fi\/blogi\/?p=483"},"modified":"2023-11-17T10:32:15","modified_gmt":"2023-11-17T08:32:15","slug":"tyopaikkakoulutuksen-helmia","status":"publish","type":"post","link":"https:\/\/www.soteekki.fi\/blogi\/tyopaikkakoulutuksen-helmia\/","title":{"rendered":"Ty\u00f6paikkakoulutuksen helmi\u00e4"},"content":{"rendered":"\n<h1 class=\"wp-block-heading\">Sanaton viestint\u00e4<\/h1>\n\n\n\n<p>Viimeviikolla ty\u00f6paikkakoulutus- tiimin aiheena oli non- verbaalinen, eli sanaton viestint\u00e4. Aihe oli monelle tuttu jo entuudestaan, mutta tarkoituksena oli muistuttaa sanattoman viestinn\u00e4n t\u00e4rkeydest\u00e4 ty\u00f6yhteis\u00f6ss\u00e4. Tiimi toteutti pienen esityksen aiheesta, sek\u00e4 toiminnallisen \u201dleikin\u201d. Sanaton viestint\u00e4 on suuri osa vuorovaikutusta ja voi luoda ristiriitoja sanallisen viestinn\u00e4n kanssa. Ilmeet ja eleet voivat tulla vaistomaisesti ja kertoa mielipiteesi hyvinkin tarkasti. Soteekissa toimimme erilaisissa tiimeiss\u00e4 ja ryhmiss\u00e4, jolloin vuorovaikutus nousee keskeiseen rooliin yhteisen tavoitteen saavuttamiseksi.<\/p>\n\n\n\n<h1 class=\"wp-block-heading\">Hyv\u00e4 ryhti &amp; viel\u00e4 parempi mieli<\/h1>\n\n\n\n<p>Ergonomiaan kannattaa kiinnitt\u00e4\u00e4 huomiota my\u00f6s Soteekissa ty\u00f6skennelless\u00e4si. Tiimi korosti mm. \u201dtaukojumpan\u201d merkityst\u00e4, oikeaa asentoa ty\u00f6skennell\u00e4, nostaa ja siirt\u00e4\u00e4. Ergonomian avulla pyrit\u00e4\u00e4n parantamaan turvallisuutta, terveytt\u00e4 ja hyvinvointia. Ty\u00f6p\u00e4iv\u00e4 Soteekissa on aina erilainen, toisinaan voidaan istua ja suunnitella monta tuntia, jolloin tulisi huomioida hyv\u00e4t ty\u00f6skentely asennot. Soteekki toteuttaa my\u00f6s Liikkuvaa taukoa et\u00e4yhteydell\u00e4, jossa ohjattua jumppaa arkisin klo 10 \u2013 10.10. Se tauottaa mukavasti p\u00e4iv\u00e4n kulkua. Mukaan liikkuvaan taukoon p\u00e4\u00e4set CampusMoWen HILLss\u00e4 ja\/tai Instagram liven kautta. Ohjattu liikkuva tauko jatkuu taas syksyll\u00e4.<\/p>\n\n\n\n<p><\/p>\n\n\n\n<p>Ty\u00f6paikkakoulutuksen toisessa osuudessa keskityttiin kirjaamaan yl\u00f6s asioita, joilla ty\u00f6hyvinvointia voidaan edist\u00e4\u00e4 p\u00e4ivitt\u00e4isell\u00e4 tasolla. Ryhm\u00e4t miettiv\u00e4t vuorollaan vastauksia esimerkiksi siihen, ett\u00e4 mit\u00e4 ty\u00f6kaverin suusta olisi mukavaa kuulla useammin, miten voi osoittaa arvostusta toiselle ilman sanoja, sek\u00e4 esimerkiksi sit\u00e4 ett\u00e4 mit\u00e4 itse toivoisi ty\u00f6yhteis\u00f6lt\u00e4 hyvinvoinnin ja yhteishengen edist\u00e4miseksi. Lopuksi k\u00e4ytiin yhteisesti l\u00e4pi kertyneet tulokset ja keskusteltiin asioista yleisell\u00e4 tasolla. T\u00e4m\u00e4 ty\u00f6paikkakoulutuksen osuus vahvisti sit\u00e4 tosiasiaa, ett\u00e4 hyv\u00e4 ty\u00f6yhteis\u00f6 on iso osa ty\u00f6hyvinvointia ja ihan jo pienill\u00e4kin sanoilla ja teoilla on mahdottoman suuret ja kauaskantoiset vaikutukset. Tuloksissa toistui, ett\u00e4 esimerkiksi lounaalle pyyt\u00e4minen ja kahvikupin tuominen olivat toisaalta pieni\u00e4 mutta arjessa kuitenkin hyvin merkityksellisi\u00e4 asioita. &nbsp;<\/p>\n\n\n\n<p><\/p>\n\n\n\n<figure class=\"wp-block-image size-large is-resized\"><img loading=\"lazy\" decoding=\"async\" src=\"https:\/\/www.soteekki.fi\/blogi\/wp-content\/uploads\/2022\/05\/soteekki-576x1024.jpg\" alt=\"\" class=\"wp-image-484\" width=\"469\" height=\"834\" srcset=\"https:\/\/www.soteekki.fi\/blogi\/wp-content\/uploads\/2022\/05\/soteekki-576x1024.jpg 576w, https:\/\/www.soteekki.fi\/blogi\/wp-content\/uploads\/2022\/05\/soteekki-169x300.jpg 169w, https:\/\/www.soteekki.fi\/blogi\/wp-content\/uploads\/2022\/05\/soteekki-768x1365.jpg 768w, https:\/\/www.soteekki.fi\/blogi\/wp-content\/uploads\/2022\/05\/soteekki-864x1536.jpg 864w, https:\/\/www.soteekki.fi\/blogi\/wp-content\/uploads\/2022\/05\/soteekki.jpg 900w\" sizes=\"auto, (max-width: 469px) 100vw, 469px\" \/><figcaption><em>Opiskelijat leipoivat ty\u00f6paikkakoulutuksen&nbsp;innoittamana pullaa koko Soteekin porukalle!<\/em><\/figcaption><\/figure>\n","protected":false},"excerpt":{"rendered":"<p>Sanaton viestint\u00e4 Viimeviikolla ty\u00f6paikkakoulutus- tiimin aiheena oli non- verbaalinen, eli sanaton viestint\u00e4. Aihe oli monelle tuttu jo entuudestaan, mutta tarkoituksena oli muistuttaa sanattoman viestinn\u00e4n t\u00e4rkeydest\u00e4 ty\u00f6yhteis\u00f6ss\u00e4. Tiimi toteutti pienen esityksen aiheesta, sek\u00e4 toiminnallisen \u201dleikin\u201d. Sanaton viestint\u00e4 on suuri osa vuorovaikutusta ja voi luoda ristiriitoja sanallisen viestinn\u00e4n kanssa. Ilmeet ja eleet voivat tulla vaistomaisesti ja kertoa &hellip; <\/p>\n<p class=\"link-more\"><a href=\"https:\/\/www.soteekki.fi\/blogi\/tyopaikkakoulutuksen-helmia\/\" class=\"more-link\">Continue reading<span class=\"screen-reader-text\"> &#8220;Ty\u00f6paikkakoulutuksen helmi\u00e4&#8221;<\/span><\/a><\/p>\n","protected":false},"author":3,"featured_media":0,"comment_status":"open","ping_status":"open","sticky":false,"template":"","format":"standard","meta":{"footnotes":""},"categories":[45,43,11],"tags":[],"class_list":["post-483","post","type-post","status-publish","format-standard","hentry","category-hyvinvointi","category-soteekki-samk-opiskelu","category-yleinen-fi"],"_links":{"self":[{"href":"https:\/\/www.soteekki.fi\/blogi\/wp-json\/wp\/v2\/posts\/483","targetHints":{"allow":["GET"]}}],"collection":[{"href":"https:\/\/www.soteekki.fi\/blogi\/wp-json\/wp\/v2\/posts"}],"about":[{"href":"https:\/\/www.soteekki.fi\/blogi\/wp-json\/wp\/v2\/types\/post"}],"author":[{"embeddable":true,"href":"https:\/\/www.soteekki.fi\/blogi\/wp-json\/wp\/v2\/users\/3"}],"replies":[{"embeddable":true,"href":"https:\/\/www.soteekki.fi\/blogi\/wp-json\/wp\/v2\/comments?post=483"}],"version-history":[{"count":3,"href":"https:\/\/www.soteekki.fi\/blogi\/wp-json\/wp\/v2\/posts\/483\/revisions"}],"predecessor-version":[{"id":488,"href":"https:\/\/www.soteekki.fi\/blogi\/wp-json\/wp\/v2\/posts\/483\/revisions\/488"}],"wp:attachment":[{"href":"https:\/\/www.soteekki.fi\/blogi\/wp-json\/wp\/v2\/media?parent=483"}],"wp:term":[{"taxonomy":"category","embeddable":true,"href":"https:\/\/www.soteekki.fi\/blogi\/wp-json\/wp\/v2\/categories?post=483"},{"taxonomy":"post_tag","embeddable":true,"href":"https:\/\/www.soteekki.fi\/blogi\/wp-json\/wp\/v2\/tags?post=483"}],"curies":[{"name":"wp","href":"https:\/\/api.w.org\/{rel}","templated":true}]}}