{"id":544,"date":"2022-11-11T15:18:04","date_gmt":"2022-11-11T13:18:04","guid":{"rendered":"https:\/\/soteekki.fi\/blogi\/?p=544"},"modified":"2023-11-17T10:27:28","modified_gmt":"2023-11-17T08:27:28","slug":"ehkaisevan-paihdetyon-viikko-koskettaa-monia-suomalaisia","status":"publish","type":"post","link":"https:\/\/www.soteekki.fi\/blogi\/ehkaisevan-paihdetyon-viikko-koskettaa-monia-suomalaisia\/","title":{"rendered":"Ehk\u00e4isev\u00e4n p\u00e4ihdety\u00f6n viikko koskettaa monia suomalaisia"},"content":{"rendered":"\n<p>T\u00e4ll\u00e4 viikolla (7.-13.11.2022) vietet\u00e4\u00e4n ehk\u00e4isev\u00e4n p\u00e4ihdety\u00f6n viikkoa. Ehk\u00e4isev\u00e4n p\u00e4ihdety\u00f6n viikon teemaksi on valikoitunut l\u00e4\u00e4kkeiden v\u00e4\u00e4rink\u00e4ytt\u00f6 ja tarkoituksena on kannustaa ihmisi\u00e4 kysym\u00e4\u00e4n l\u00e4\u00e4kkeiden v\u00e4\u00e4rink\u00e4yt\u00f6st\u00e4.<\/p>\n\n\n\n<p>Ehk\u00e4isev\u00e4n p\u00e4ihdety\u00f6n j\u00e4rjest\u00f6verkosto on syntynyt yhteisen keskustelun ja toiminnan vaikuttavuuden lis\u00e4\u00e4misen tarpeesta, siihen kuuluu mukaan yli 50 sote-alan j\u00e4rjest\u00f6\u00e4, jotka haluavat ehk\u00e4ist\u00e4 sek\u00e4 v\u00e4hent\u00e4\u00e4 p\u00e4ihdehaittoja.<\/p>\n\n\n\n<p><strong>Mit\u00e4 ehk\u00e4isev\u00e4ll\u00e4 p\u00e4ihdety\u00f6ll\u00e4 tarkoitetaan?<\/strong><\/p>\n\n\n\n<p>Ehk\u00e4isev\u00e4 p\u00e4ihdety\u00f6 on osana hyvinvoinnin, terveyden ja turvallisuuden edist\u00e4mist\u00e4. Tavoitteena on ehk\u00e4ist\u00e4 ja v\u00e4hent\u00e4\u00e4 p\u00e4ihteiden k\u00e4yt\u00f6n aiheuttamia haittoja p\u00e4ihteiden k\u00e4ytt\u00e4jille sek\u00e4 heid\u00e4n l\u00e4heisilleen ja yhteiskunnalle. Tavoitteena on my\u00f6s lis\u00e4t\u00e4 ymm\u00e4rryst\u00e4 p\u00e4ihteiden k\u00e4yt\u00f6st\u00e4 sek\u00e4 niihin liittyvist\u00e4 ilmi\u00f6ist\u00e4 sek\u00e4 edist\u00e4\u00e4 perus- ja ihmisoikeuksien toteutumista p\u00e4ihteisiin liittyen.<\/p>\n\n\n\n<p>Ehk\u00e4isev\u00e4ll\u00e4 ty\u00f6ll\u00e4 pyrit\u00e4\u00e4n vaikuttamaan eri p\u00e4ihteiden kysynt\u00e4\u00e4n sek\u00e4 saatavuuteen ja n\u00e4in itse p\u00e4ihteiden k\u00e4ytt\u00f6\u00f6n. Ty\u00f6n tulee perustua tutkittuun tietoon ja tieteelliseen n\u00e4ytt\u00f6\u00f6n p\u00e4ihteiden k\u00e4ytt\u00e4misest\u00e4 sek\u00e4 niist\u00e4 aiheutuvista haitoista.<\/p>\n\n\n\n<p><strong>L\u00e4\u00e4kkeiden v\u00e4\u00e4rink\u00e4ytt\u00f6<\/strong><\/p>\n\n\n\n<p>L\u00e4\u00e4kkeiden v\u00e4\u00e4rink\u00e4yt\u00f6ll\u00e4 tarkoitetaan mm. unil\u00e4\u00e4kkeiden, rauhoittavien l\u00e4\u00e4kkeiden ja vahvojen kipul\u00e4\u00e4kkeiden ei-l\u00e4\u00e4kinn\u00e4llist\u00e4 k\u00e4ytt\u00f6\u00e4, joka tarkoittaa reseptil\u00e4\u00e4kkeiden k\u00e4ytt\u00f6\u00e4 ilman l\u00e4\u00e4k\u00e4rin m\u00e4\u00e4r\u00e4yst\u00e4, suurempia annoksia tai eri tarkoitukseen kuin se on m\u00e4\u00e4r\u00e4tty.<\/p>\n\n\n\n<p>V\u00e4\u00e4rink\u00e4yt\u00f6ll\u00e4 tarkoitetaan yleens\u00e4 tietoista rauhoittavan tai muun l\u00e4\u00e4kkeen k\u00e4ytt\u00f6\u00e4 p\u00e4ihtymyksen aikaansaamiseksi. T\u00e4ll\u00f6in l\u00e4\u00e4kkeit\u00e4 k\u00e4ytet\u00e4\u00e4n esimerkiksi yhdess\u00e4 alkoholin kanssa. L\u00e4\u00e4kkeiden p\u00e4ihdek\u00e4ytt\u00f6 on osa vaikeaa monip\u00e4ihderiippuvuusongelmaa, johon liittyy tavallisesti alkoholi. P\u00e4ihdehakuisen l\u00e4\u00e4kkeiden k\u00e4yt\u00f6n tai l\u00e4\u00e4keriippuvuuden takana voi olla huumeongelma.<\/p>\n\n\n\n<p><strong>P\u00e4ihteiden riskik\u00e4yt\u00f6n puheeksi otto<\/strong><\/p>\n\n\n\n<p>P\u00e4ihteiden riskik\u00e4yt\u00f6n varhainen tunnistaminen on yksi t\u00e4rkeimmist\u00e4 keinoista v\u00e4hent\u00e4\u00e4 p\u00e4ihteiden haittoja. Mit\u00e4 varhaisemmin alkoholin riskik\u00e4ytt\u00f6\u00f6n, tupakkatuotteiden tai huumausaineiden k\u00e4ytt\u00f6\u00f6n tai haitalliseen rahapelaamiseen pystyt\u00e4\u00e4n puuttumaan, sit\u00e4 pienemmiksi j\u00e4\u00e4v\u00e4t vakavien ongelmien ja haittojen riskit. Ehk\u00e4isev\u00e4ss\u00e4 p\u00e4ihdety\u00f6ss\u00e4 ja siihen liittyv\u00e4ss\u00e4 viestinn\u00e4ss\u00e4 ja neuvonnassa ihmisarvoa kunnioittava ja eettinen toiminta on ensiarvoisen t\u00e4rke\u00e4\u00e4. Tieto on aina tarjottava vastaanottajaa kunnioittaen. Tarjotun tiedon tulee olla totuudenmukaista ja tutkimuksiin pohjautuvaa, avoimesti perusteltua sek\u00e4 kohderyhm\u00e4lle hy\u00f6dyllist\u00e4 ja selke\u00e4\u00e4.<\/p>\n\n\n\n<p><strong>L\u00e4hteet ja lis\u00e4tietoa:<\/strong><\/p>\n\n\n\n<p><a href=\"https:\/\/thl.fi\/fi\/web\/alkoholi-tupakka-ja-riippuvuudet\/ehkaiseva-paihdetyo\/alkoholinkayton-puheeksiotto-ja-mini-interventio\">https:\/\/thl.fi\/fi\/web\/alkoholi-tupakka-ja-riippuvuudet\/ehkaiseva-paihdetyo\/alkoholinkayton-puheeksiotto-ja-mini-interventio<\/a><\/p>\n\n\n\n<p><a href=\"https:\/\/www.ept-verkosto.fi\/ept-viikko\/\">https:\/\/www.ept-verkosto.fi\/ept-viikko\/<\/a><\/p>\n\n\n\n<p><a href=\"https:\/\/www.ept-verkosto.fi\/verkoston-toiminta\/\">https:\/\/www.ept-verkosto.fi\/verkoston-toiminta\/<\/a><\/p>\n\n\n\n<p><a href=\"https:\/\/thl.fi\/fi\/web\/alkoholi-tupakka-ja-riippuvuudet\/ehkaiseva-paihdetyo\">https:\/\/thl.fi\/fi\/web\/alkoholi-tupakka-ja-riippuvuudet\/ehkaiseva-paihdetyo<\/a><\/p>\n\n\n\n<p><a href=\"https:\/\/thl.fi\/fi\/tutkimus-ja-kehittaminen\/tutkimukset-ja-hankkeet\/paihdetutkimus\/tutkimustuloksia\/laakkeiden-vaarinkaytto\">https:\/\/thl.fi\/fi\/tutkimus-ja-kehittaminen\/tutkimukset-ja-hankkeet\/paihdetutkimus\/tutkimustuloksia\/laakkeiden-vaarinkaytto<\/a> <a href=\"https:\/\/paihdelinkki.fi\/sgn\/tietopankki\/tietoiskut\/laakkeiden-vaarinkaytto\">https:\/\/paihdelinkki.fi\/sgn\/tietopankki\/tietoiskut\/laakkeiden-vaarinkaytto<\/a><\/p>\n","protected":false},"excerpt":{"rendered":"<p>T\u00e4ll\u00e4 viikolla (7.-13.11.2022) vietet\u00e4\u00e4n ehk\u00e4isev\u00e4n p\u00e4ihdety\u00f6n viikkoa. Ehk\u00e4isev\u00e4n p\u00e4ihdety\u00f6n viikon teemaksi on valikoitunut l\u00e4\u00e4kkeiden v\u00e4\u00e4rink\u00e4ytt\u00f6 ja tarkoituksena on kannustaa ihmisi\u00e4 kysym\u00e4\u00e4n l\u00e4\u00e4kkeiden v\u00e4\u00e4rink\u00e4yt\u00f6st\u00e4. Ehk\u00e4isev\u00e4n p\u00e4ihdety\u00f6n j\u00e4rjest\u00f6verkosto on syntynyt yhteisen keskustelun ja toiminnan vaikuttavuuden lis\u00e4\u00e4misen tarpeesta, siihen kuuluu mukaan yli 50 sote-alan j\u00e4rjest\u00f6\u00e4, jotka haluavat ehk\u00e4ist\u00e4 sek\u00e4 v\u00e4hent\u00e4\u00e4 p\u00e4ihdehaittoja. Mit\u00e4 ehk\u00e4isev\u00e4ll\u00e4 p\u00e4ihdety\u00f6ll\u00e4 tarkoitetaan? Ehk\u00e4isev\u00e4 p\u00e4ihdety\u00f6 on &hellip; <\/p>\n<p class=\"link-more\"><a href=\"https:\/\/www.soteekki.fi\/blogi\/ehkaisevan-paihdetyon-viikko-koskettaa-monia-suomalaisia\/\" class=\"more-link\">Continue reading<span class=\"screen-reader-text\"> &#8220;Ehk\u00e4isev\u00e4n p\u00e4ihdety\u00f6n viikko koskettaa monia suomalaisia&#8221;<\/span><\/a><\/p>\n","protected":false},"author":3,"featured_media":0,"comment_status":"open","ping_status":"open","sticky":false,"template":"","format":"standard","meta":{"footnotes":""},"categories":[39,11],"tags":[],"class_list":["post-544","post","type-post","status-publish","format-standard","hentry","category-juhlapaivat-juhlaviikot","category-yleinen-fi"],"_links":{"self":[{"href":"https:\/\/www.soteekki.fi\/blogi\/wp-json\/wp\/v2\/posts\/544","targetHints":{"allow":["GET"]}}],"collection":[{"href":"https:\/\/www.soteekki.fi\/blogi\/wp-json\/wp\/v2\/posts"}],"about":[{"href":"https:\/\/www.soteekki.fi\/blogi\/wp-json\/wp\/v2\/types\/post"}],"author":[{"embeddable":true,"href":"https:\/\/www.soteekki.fi\/blogi\/wp-json\/wp\/v2\/users\/3"}],"replies":[{"embeddable":true,"href":"https:\/\/www.soteekki.fi\/blogi\/wp-json\/wp\/v2\/comments?post=544"}],"version-history":[{"count":1,"href":"https:\/\/www.soteekki.fi\/blogi\/wp-json\/wp\/v2\/posts\/544\/revisions"}],"predecessor-version":[{"id":545,"href":"https:\/\/www.soteekki.fi\/blogi\/wp-json\/wp\/v2\/posts\/544\/revisions\/545"}],"wp:attachment":[{"href":"https:\/\/www.soteekki.fi\/blogi\/wp-json\/wp\/v2\/media?parent=544"}],"wp:term":[{"taxonomy":"category","embeddable":true,"href":"https:\/\/www.soteekki.fi\/blogi\/wp-json\/wp\/v2\/categories?post=544"},{"taxonomy":"post_tag","embeddable":true,"href":"https:\/\/www.soteekki.fi\/blogi\/wp-json\/wp\/v2\/tags?post=544"}],"curies":[{"name":"wp","href":"https:\/\/api.w.org\/{rel}","templated":true}]}}