{"id":568,"date":"2022-12-07T11:46:48","date_gmt":"2022-12-07T09:46:48","guid":{"rendered":"https:\/\/soteekki.fi\/blogi\/?p=568"},"modified":"2023-11-17T10:25:09","modified_gmt":"2023-11-17T08:25:09","slug":"kansainvalinen-vapaaehtoisten-paiva-5-12-2022","status":"publish","type":"post","link":"https:\/\/www.soteekki.fi\/blogi\/kansainvalinen-vapaaehtoisten-paiva-5-12-2022\/","title":{"rendered":"Kansainv\u00e4linen Vapaaehtoisten p\u00e4iv\u00e4 5.12.2022"},"content":{"rendered":"\n<p><em>Kirjoittaja: Sosionomiopiskelija Oona Sainio<\/em><\/p>\n\n\n\n<p>Kansainv\u00e4linen Vapaaehtoisten p\u00e4iv\u00e4 on kansainv\u00e4linen juhlap\u00e4iv\u00e4, jolla halutaan antaa tunnustusta vapaaehtoisty\u00f6lle ja vapaaehtoisille. P\u00e4iv\u00e4\u00e4 vietet\u00e4\u00e4n vuosittain 5.12. <\/p>\n\n\n\n<p><strong>Mit\u00e4 vapaaehtoisten p\u00e4iv\u00e4 sitten k\u00e4yt\u00e4nn\u00f6ss\u00e4 tarkoittaa?<\/strong><\/p>\n\n\n\n<p>Vapaaehtoisten p\u00e4iv\u00e4n tarkoituksena on juhlistaa keinoja, joilla vapaaehtoiset voivat ty\u00f6ss\u00e4\u00e4n vaikuttaa kest\u00e4v\u00e4n kehityksen edistymiseen paikallisella, kansallisella ja kansainv\u00e4lisell\u00e4 tasolla.&nbsp;<\/p>\n\n\n\n<p>Yhdistyneiden Kansakuntien vapaaehtoisohjelma UNV (United Nations Volunteers) tekee yhteisty\u00f6t\u00e4 kansallisten toimijoiden kanssa varmistaakseen monipuoliset vapaaehtoisty\u00f6n mahdollisuudet eri puolilla maailmaa. T\u00e4n\u00e4 vuonna (2022) teemana on solidaarisuus vapaaehtoisuuden kautta. Kampanja korostaa ihmiskuntamme voimaa edist\u00e4\u00e4 positiivista muutosta vapaaehtoisty\u00f6n avulla.<\/p>\n\n\n\n<p>Vapaaehtoistoimintaan tullaan mukaan omasta tahdosta. Vapaaehtoistoiminta tapahtuu ihmisten v\u00e4lill\u00e4 ja on palkatonta. Se voi olla vaikuttamista yhteisten asioiden puolesta, vertaistukea, oma-apua, ty\u00f6skentely\u00e4 hallituksessa, naapuriapua, talkooty\u00f6t\u00e4 tai yst\u00e4v\u00e4toimintaa. Vapaaehtoistoimintaa on siis monenlaista.<\/p>\n\n\n\n<p>P\u00e4ivitt\u00e4in tuhannet ihmiset tekev\u00e4t vapaaehtoisty\u00f6t\u00e4 kehityksen ja rauhan edist\u00e4miseksi kansainv\u00e4lisesti. P\u00e4iv\u00e4n tarkoituksena on muistaa niit\u00e4 ihmisi\u00e4, jotka k\u00e4ytt\u00e4v\u00e4t omaa aikaansa mahdollistaaksensa paremman tulevaisuuden.<\/p>\n\n\n\n<p><em>Tiesitk\u00f6, ett\u00e4 kuukausittainen luku ihmisist\u00e4, jotka ovat vapaaehtoisia (15 v ja sit\u00e4 vanhemmat) on 862,4 miljoonaa maailmanlaajuisesti.&nbsp;<\/em><\/p>\n\n\n\n<p>Alkoiko vapaaehtoisuus kiinnostaa? Kokosin t\u00e4h\u00e4n vinkkej\u00e4, miten p\u00e4\u00e4set alkuun vapaaehtoisuuden kanssa:<\/p>\n\n\n\n<ul class=\"wp-block-list\">\n<li>Mieti mink\u00e4lainen vapaaehtoistoiminta kiinnostaa sinua<\/li>\n<\/ul>\n\n\n\n<ul class=\"wp-block-list\">\n<li>M\u00e4\u00e4rittele valmiutesi ajallisesti, voitko osallistua silloin t\u00e4ll\u00f6in vai pitk\u00e4aikaisesti<\/li>\n<\/ul>\n\n\n\n<ul class=\"wp-block-list\">\n<li>Etsi tietoa eri j\u00e4rjest\u00f6jen sivuilta, esimerkiksi Mannerheimin lastensuojeluliitto ja SOS-lapsikyl\u00e4 hakevat vapaaehtoisia sivuillaan. (<a href=\"http:\/\/www.sos-lapsikyla.fi\/\">www.sos-lapsikyla.fi<\/a> ,&nbsp;<a href=\"http:\/\/www.mll.fi\/\">www.mll.fi<\/a>)<\/li>\n<\/ul>\n\n\n\n<ul class=\"wp-block-list\">\n<li>Selvit\u00e4 mihin olet sitoutumassa ja millaisia toimintatapoja kyseisess\u00e4 paikassa on<\/li>\n<\/ul>\n\n\n\n<p>L\u00e4hteet:<\/p>\n\n\n\n<p><a href=\"https:\/\/www.ykliitto.fi\/tapahtumat\/yk-paivat\/kansainvalinen-vapaaehtoistoiminnan-paiva\">https:\/\/www.ykliitto.fi\/tapahtumat\/yk-paivat\/kansainvalinen-vapaaehtoistoiminnan-paiva<\/a><\/p>\n\n\n\n<p><a href=\"https:\/\/www.tukiliitto.fi\/tukiliitto-ja-yhdistykset\/tuemme-yhdistyksia\/teemaviikko\/vapaaehtoisten-paiva\/\">https:\/\/www.tukiliitto.fi\/tukiliitto-ja-yhdistykset\/tuemme-yhdistyksia\/teemaviikko\/vapaaehtoisten-paiva\/<\/a><\/p>\n\n\n\n<p><a href=\"https:\/\/www.vapaaehtoiseksi.fi\/tietoa-vapaaehtoisuudesta\/\">https:\/\/www.vapaaehtoiseksi.fi\/tietoa-vapaaehtoisuudesta\/<\/a><\/p>\n\n\n\n<p><a href=\"https:\/\/www.un.org\/en\/observances\/volunteer-day\">https:\/\/www.un.org\/en\/observances\/volunteer-day<\/a><\/p>\n","protected":false},"excerpt":{"rendered":"<p>Kirjoittaja: Sosionomiopiskelija Oona Sainio Kansainv\u00e4linen Vapaaehtoisten p\u00e4iv\u00e4 on kansainv\u00e4linen juhlap\u00e4iv\u00e4, jolla halutaan antaa tunnustusta vapaaehtoisty\u00f6lle ja vapaaehtoisille. P\u00e4iv\u00e4\u00e4 vietet\u00e4\u00e4n vuosittain 5.12. Mit\u00e4 vapaaehtoisten p\u00e4iv\u00e4 sitten k\u00e4yt\u00e4nn\u00f6ss\u00e4 tarkoittaa? Vapaaehtoisten p\u00e4iv\u00e4n tarkoituksena on juhlistaa keinoja, joilla vapaaehtoiset voivat ty\u00f6ss\u00e4\u00e4n vaikuttaa kest\u00e4v\u00e4n kehityksen edistymiseen paikallisella, kansallisella ja kansainv\u00e4lisell\u00e4 tasolla.&nbsp; Yhdistyneiden Kansakuntien vapaaehtoisohjelma UNV (United Nations Volunteers) tekee yhteisty\u00f6t\u00e4 &hellip; <\/p>\n<p class=\"link-more\"><a href=\"https:\/\/www.soteekki.fi\/blogi\/kansainvalinen-vapaaehtoisten-paiva-5-12-2022\/\" class=\"more-link\">Continue reading<span class=\"screen-reader-text\"> &#8220;Kansainv\u00e4linen Vapaaehtoisten p\u00e4iv\u00e4 5.12.2022&#8221;<\/span><\/a><\/p>\n","protected":false},"author":3,"featured_media":0,"comment_status":"open","ping_status":"open","sticky":false,"template":"","format":"standard","meta":{"footnotes":""},"categories":[39,11],"tags":[],"class_list":["post-568","post","type-post","status-publish","format-standard","hentry","category-juhlapaivat-juhlaviikot","category-yleinen-fi"],"_links":{"self":[{"href":"https:\/\/www.soteekki.fi\/blogi\/wp-json\/wp\/v2\/posts\/568","targetHints":{"allow":["GET"]}}],"collection":[{"href":"https:\/\/www.soteekki.fi\/blogi\/wp-json\/wp\/v2\/posts"}],"about":[{"href":"https:\/\/www.soteekki.fi\/blogi\/wp-json\/wp\/v2\/types\/post"}],"author":[{"embeddable":true,"href":"https:\/\/www.soteekki.fi\/blogi\/wp-json\/wp\/v2\/users\/3"}],"replies":[{"embeddable":true,"href":"https:\/\/www.soteekki.fi\/blogi\/wp-json\/wp\/v2\/comments?post=568"}],"version-history":[{"count":3,"href":"https:\/\/www.soteekki.fi\/blogi\/wp-json\/wp\/v2\/posts\/568\/revisions"}],"predecessor-version":[{"id":578,"href":"https:\/\/www.soteekki.fi\/blogi\/wp-json\/wp\/v2\/posts\/568\/revisions\/578"}],"wp:attachment":[{"href":"https:\/\/www.soteekki.fi\/blogi\/wp-json\/wp\/v2\/media?parent=568"}],"wp:term":[{"taxonomy":"category","embeddable":true,"href":"https:\/\/www.soteekki.fi\/blogi\/wp-json\/wp\/v2\/categories?post=568"},{"taxonomy":"post_tag","embeddable":true,"href":"https:\/\/www.soteekki.fi\/blogi\/wp-json\/wp\/v2\/tags?post=568"}],"curies":[{"name":"wp","href":"https:\/\/api.w.org\/{rel}","templated":true}]}}