{"id":576,"date":"2022-12-09T13:50:13","date_gmt":"2022-12-09T11:50:13","guid":{"rendered":"https:\/\/soteekki.fi\/blogi\/?p=576"},"modified":"2023-11-17T10:24:51","modified_gmt":"2023-11-17T08:24:51","slug":"ihmisoikeuksien-paiva-10-12-2022-perus-ja-ihmisoikeudet","status":"publish","type":"post","link":"https:\/\/www.soteekki.fi\/blogi\/ihmisoikeuksien-paiva-10-12-2022-perus-ja-ihmisoikeudet\/","title":{"rendered":"Ihmisoikeuksien p\u00e4iv\u00e4 10.12.2022: Perus- ja ihmisoikeudet"},"content":{"rendered":"\n<p><em>Kirjoittanut: Sairaanhoitajaopiskelija Hanna Rauvola<\/em><\/p>\n\n\n\n<p>Kansainv\u00e4list\u00e4 ihmisoikeuksien p\u00e4iv\u00e4\u00e4 vietet\u00e4\u00e4n huomenna 10.12.2022. Toisen maailmansodan tapahtumat nostivat esiin ihmisoikeuksien ja maailmanrauhan turvaamisen t\u00e4rkeyden, jotka toimivat edelleenkin j\u00e4rjest\u00f6n keskeisin\u00e4 p\u00e4\u00e4m\u00e4\u00e4rin\u00e4. Ihmisoikeuksien yleismaailmallinen julistus hyv\u00e4ksyttiin YK:n yleiskokouksessa 10.12.1948 ja julistuksen tarkoituksena oli koota yhteen keskeisimpi\u00e4, universaaleja ja kaikille kuuluvia oikeuksia. Kansainv\u00e4linen ihmisoikeuksien p\u00e4iv\u00e4 on siit\u00e4 l\u00e4htien ollut ja on edelleen ajankohtainen, sill\u00e4 ihmisoikeudet eiv\u00e4t kokonaisuudessaan toteudu yhdess\u00e4k\u00e4\u00e4n maailman valtiossa.<\/p>\n\n\n\n<p><strong>Perus- ja ihmisoikeudet<\/strong><\/p>\n\n\n\n<p><strong>Kansainv\u00e4liset ihmisoikeudet<\/strong>&nbsp;k\u00e4sittelev\u00e4t ihmisyytt\u00e4 ja arvoja, joiden perusideana toimii tasavertaisuus ja vapaus: ihmisoikeuksissa yksil\u00f6iden v\u00e4lille ei tehd\u00e4 eroa sukupuolen, kansallisuuden, etnisyyden, v\u00e4rin, uskonnon, asuinpaikan, kielen, poliittisen puolueen, i\u00e4n tai sosiaalisen, kulttuurisen ja taloudellisen tilanteen suhteen. Ne ovat maailmanlaajuisia, loukkaamattomia, siirt\u00e4m\u00e4tt\u00f6mi\u00e4, rikkoutumattomia ja toisistaan riippumattomia sek\u00e4 koskettavat kaikkia ihmisisi\u00e4 pelk\u00e4st\u00e4\u00e4n siit\u00e4 syyst\u00e4, ett\u00e4 he ovat syntyneet t\u00e4h\u00e4n maailmaan.<\/p>\n\n\n\n<p>Ihmisoikeuksien n\u00e4k\u00f6kulmasta sananvapaus koskettaa jokaista yksil\u00f6\u00e4, mutta vastavuoroisesti toisten mielipiteit\u00e4 ja sananvapautta tulee kunnioittaa. Jokaisen yksil\u00f6n tulisi saada el\u00e4\u00e4 my\u00f6s ilman loukkaamista tai uhkailua. Jokaisen yksil\u00f6n tulisi saada kuulua mihin tahansa uskontoon tai uskoa haluamiinsa asioihin sek\u00e4 toisten uskonnonvapautta tulisi kunnioittaa. Kenenk\u00e4\u00e4n ei tulisi joutua alistetuksi tai pakotetuksi seksuaaliseen toimintaan ja jokaisella tulisi olla oikeus rakastaa juuri ket\u00e4 haluaa. Jokaisella tulisi olla oikeus kotiin ja k\u00e4yd\u00e4 koulua sek\u00e4 s\u00e4\u00e4sty\u00e4 vainoamiselta uskonnon, seksuaalisen suuntautumisen tai mielipiteiden vuoksi tai vaihtoehtoisesti yksil\u00f6ll\u00e4 on oikeus paeta kotimaastaan ja hakea turvaa toisesta.<\/p>\n\n\n\n<p><strong>Kansalliset perusoikeudet<\/strong>&nbsp;vaativat taustalleen ihmisoikeuksien olemassaolon ja tarkoittavat valtion rajojensa sis\u00e4ll\u00e4 yksil\u00f6ille antamia oikeuksia, jotka mainitaan perustuslaissa. Perusoikeudet ovat perustavanlaatuisia, luovuttamattomia perusarvoja, jotka turvaavat jokaiselle Suomen kansalaiselle vapauden, johon valtio, kunta tai viranomainen ei voi puuttua. Perusoikeuksiin kuuluvat oikeus el\u00e4\u00e4, oikeus koskemattomuuteen ja yksityisyyteen, vapaus liikkua, omaisuuden suoja, sananvapaus, tasa-arvon suojeleminen sek\u00e4 oikeus ty\u00f6h\u00f6n, sosiaaliturvaan ja opetukseen. Joskus kaikkia ihmisoikeuksia ei kuitenkaan ole tunnustettu yksil\u00f6n perusoikeuksiksi.<\/p>\n\n\n\n<p>Mutta kenell\u00e4 on vastuu n\u00e4iden oikeuksien toteutumisesta?<\/p>\n\n\n\n<p>Vastuu ihmisoikeuksien toteutumisesta ja yksil\u00f6iden suojelemisesta on p\u00e4\u00e4s\u00e4\u00e4nt\u00f6isesti valtiolla. Ihmisoikeudet on turvattu kansainv\u00e4lisiss\u00e4 ihmisoikeussopimuksissa ja kansainv\u00e4lisest\u00e4 ihmisoikeuspolitiikasta vastaa ulkoasiainministeri\u00f6. Suomessa perustuslain mukaan julkisen vallan on turvattava ihmisoikeuksien toteutuminen ja Suomen valtios\u00e4\u00e4nt\u00f6 turvaa ihmisarvon loukkaamattomuuden, yksil\u00f6n vapauden ja oikeudet sek\u00e4 edist\u00e4\u00e4 oikeudenmukaisuutta yhteiskunnassa. Oikeusministeri\u00f6 puolestaan valmistelee perustuslain ja sen perusoikeuss\u00e4\u00e4nn\u00f6sten muutokset sek\u00e4 koordinoi perus- ja ihmisoikeuspolitiikkaa kotimaassa. Hallintoaloittain toteutumisesta vastaa kukin ministeri\u00f6 taholtaan.<\/p>\n\n\n\n<p>Jokainen meist\u00e4 pystyy taholtaan kuitenkin vaikuttamaan yksil\u00f6tasolla ihmisoikeuksien toteutumiseen kohtelemalla toisia tasa-arvoisesti ja jokaisen oikeuksia kunnioittamalla. Kohdellaan siis toisiamme kuin tahtoisimme itse\u00e4mme kohdeltavan.<\/p>\n\n\n\n<p><strong>Kaikki ihmiset syntyv\u00e4t vapaina ja tasavertaisina \u2013 Siksi meill\u00e4 on yht\u00e4l\u00e4iset oikeudet ja velvollisuudet.<\/strong><\/p>\n\n\n\n<p>L\u00e4hteet ja lis\u00e4tietoa:<\/p>\n\n\n\n<p><a href=\"https:\/\/rauhankasvatus.fi\/ihmisoikeuksien-paiva\/\">https:\/\/rauhankasvatus.fi\/ihmisoikeuksien-paiva\/<\/a><\/p>\n\n\n\n<p><a href=\"https:\/\/oikeusministerio.fi\/perus-ja-ihmisoikeudet\">https:\/\/oikeusministerio.fi\/perus-ja-ihmisoikeudet<\/a><\/p>\n\n\n\n<p><a href=\"https:\/\/mielenihmeet.fi\/ihmisoikeudet-ja-perusoikeudet-maaritelma-ja-merkitys\/\">https:\/\/mielenihmeet.fi\/ihmisoikeudet-ja-perusoikeudet-maaritelma-ja-merkitys\/<\/a><\/p>\n\n\n\n<p class=\"wp-embed-aspect-16-9 wp-has-aspect-ratio\"><a href=\"https:\/\/www.youtube.com\/watch?v=wMU6g1NAn48\">https:\/\/www.youtube.com\/watch?v=wMU6g1NAn48<\/a><\/p>\n","protected":false},"excerpt":{"rendered":"<p>Kirjoittanut: Sairaanhoitajaopiskelija Hanna Rauvola Kansainv\u00e4list\u00e4 ihmisoikeuksien p\u00e4iv\u00e4\u00e4 vietet\u00e4\u00e4n huomenna 10.12.2022. Toisen maailmansodan tapahtumat nostivat esiin ihmisoikeuksien ja maailmanrauhan turvaamisen t\u00e4rkeyden, jotka toimivat edelleenkin j\u00e4rjest\u00f6n keskeisin\u00e4 p\u00e4\u00e4m\u00e4\u00e4rin\u00e4. Ihmisoikeuksien yleismaailmallinen julistus hyv\u00e4ksyttiin YK:n yleiskokouksessa 10.12.1948 ja julistuksen tarkoituksena oli koota yhteen keskeisimpi\u00e4, universaaleja ja kaikille kuuluvia oikeuksia. Kansainv\u00e4linen ihmisoikeuksien p\u00e4iv\u00e4 on siit\u00e4 l\u00e4htien ollut ja on edelleen &hellip; <\/p>\n<p class=\"link-more\"><a href=\"https:\/\/www.soteekki.fi\/blogi\/ihmisoikeuksien-paiva-10-12-2022-perus-ja-ihmisoikeudet\/\" class=\"more-link\">Continue reading<span class=\"screen-reader-text\"> &#8220;Ihmisoikeuksien p\u00e4iv\u00e4 10.12.2022: Perus- ja ihmisoikeudet&#8221;<\/span><\/a><\/p>\n","protected":false},"author":3,"featured_media":0,"comment_status":"open","ping_status":"open","sticky":false,"template":"","format":"standard","meta":{"footnotes":""},"categories":[39,11],"tags":[],"class_list":["post-576","post","type-post","status-publish","format-standard","hentry","category-juhlapaivat-juhlaviikot","category-yleinen-fi"],"_links":{"self":[{"href":"https:\/\/www.soteekki.fi\/blogi\/wp-json\/wp\/v2\/posts\/576","targetHints":{"allow":["GET"]}}],"collection":[{"href":"https:\/\/www.soteekki.fi\/blogi\/wp-json\/wp\/v2\/posts"}],"about":[{"href":"https:\/\/www.soteekki.fi\/blogi\/wp-json\/wp\/v2\/types\/post"}],"author":[{"embeddable":true,"href":"https:\/\/www.soteekki.fi\/blogi\/wp-json\/wp\/v2\/users\/3"}],"replies":[{"embeddable":true,"href":"https:\/\/www.soteekki.fi\/blogi\/wp-json\/wp\/v2\/comments?post=576"}],"version-history":[{"count":2,"href":"https:\/\/www.soteekki.fi\/blogi\/wp-json\/wp\/v2\/posts\/576\/revisions"}],"predecessor-version":[{"id":669,"href":"https:\/\/www.soteekki.fi\/blogi\/wp-json\/wp\/v2\/posts\/576\/revisions\/669"}],"wp:attachment":[{"href":"https:\/\/www.soteekki.fi\/blogi\/wp-json\/wp\/v2\/media?parent=576"}],"wp:term":[{"taxonomy":"category","embeddable":true,"href":"https:\/\/www.soteekki.fi\/blogi\/wp-json\/wp\/v2\/categories?post=576"},{"taxonomy":"post_tag","embeddable":true,"href":"https:\/\/www.soteekki.fi\/blogi\/wp-json\/wp\/v2\/tags?post=576"}],"curies":[{"name":"wp","href":"https:\/\/api.w.org\/{rel}","templated":true}]}}