{"id":592,"date":"2023-02-06T00:01:00","date_gmt":"2023-02-05T22:01:00","guid":{"rendered":"https:\/\/soteekki.fi\/blogi\/?p=592"},"modified":"2023-11-17T10:23:39","modified_gmt":"2023-11-17T08:23:39","slug":"112-paiva","status":"publish","type":"post","link":"https:\/\/www.soteekki.fi\/blogi\/112-paiva\/","title":{"rendered":"112-p\u00e4iv\u00e4"},"content":{"rendered":"\n<h5 class=\"wp-block-heading\">Kirjoittaja: Sairaanhoitajaopiskelija Joanna Sainio<\/h5>\n\n\n\n<p>Vuodesta 1997 l\u00e4htien vietetyst\u00e4 112-p\u00e4iv\u00e4st\u00e4 on muodostunut Suomessa perinne. T\u00e4n\u00e4 vuonna mittariin t\u00e4yttyy jo 26. vuosikerta. Vaikka Suomessa t\u00e4m\u00e4 t\u00e4rke\u00e4 aihe on saanut huomiota jo 90-luvulla, Euroopan yhteist\u00e4 112-p\u00e4iv\u00e4\u00e4 on juhlittu ensimm\u00e4isen kerran vasta vuonna 2008.<\/p>\n\n\n\n<p>Nyky\u00e4\u00e4n kyseinen p\u00e4iv\u00e4 on tunnettu my\u00f6s muualla Euroopassa. Euroopan komissio on yhdess\u00e4 Euroopan parlamentin sek\u00e4 neuvoston kanssa julistanut <strong>112-p\u00e4iv\u00e4lle oman kalenterip\u00e4iv\u00e4n, joka on 11. helmikuuta.<\/strong> Kampanja-aikaa on kuitenkin koko kyseinen viikko.<\/p>\n\n\n\n<p><strong>Kampanjatoiminta<\/strong><\/p>\n\n\n\n<p>Suomessa 112-p\u00e4iv\u00e4 luo mahdollisuuden eri turvallisuustoimijoiden kampanjoimiselle, jonka tarkoituksena on edist\u00e4\u00e4 arkiel\u00e4m\u00e4n turvallisuuden kehitt\u00e4mist\u00e4. P\u00e4\u00e4tavoitteena on kiinnitt\u00e4\u00e4 huomio tapaturmien sek\u00e4 vahinkojen ennaltaehk\u00e4isyyn kotona, t\u00f6iss\u00e4 ja vapaa-ajalla. Pienet teot voivat vaikuttaa suuresti sek\u00e4 sinun ett\u00e4 l\u00e4hipiirisi turvallisuuteen. T\u00e4ll\u00e4 tavoin kampanja pyrkii luomaan Suomesta Euroopan turvallisimman maan.<\/p>\n\n\n\n<p>Vaikka kampanjoinnista vastaa my\u00f6s taustavoimina toimivat Suomen poliisi, pelastustoimi, Rajavartiolaitos, H\u00e4t\u00e4keskuslaitos, sosiaali- ja terveysministeri\u00f6, sis\u00e4ministeri\u00f6 sek\u00e4 opetushallitus, voi kuka tahansa j\u00e4rjest\u00e4\u00e4 p\u00e4iv\u00e4\u00e4n liittyv\u00e4n tapahtuman omalla paikkakunnallaan teemaviikon aikana. Tapahtuman keskeisen\u00e4 sis\u00e4lt\u00f6n\u00e4 on kertoa arkiel\u00e4m\u00e4n turvallisuusasioista.<\/p>\n\n\n\n<p><strong>H\u00e4t\u00e4numero<\/strong><\/p>\n\n\n\n<p>Turvallisuusasioiden lis\u00e4ksi 112-p\u00e4iv\u00e4 muistuttaa my\u00f6s koko EU:n yhteisest\u00e4 h\u00e4t\u00e4numerosta sek\u00e4 sen oikeaoppisesta k\u00e4yt\u00f6st\u00e4. H\u00e4t\u00e4numero on 112. Kyseiseen numeroon voi soittaa ilmaiseksi, mist\u00e4 tahansa liittym\u00e4st\u00e4 ilman suuntanumeroa.<\/p>\n\n\n\n<p>H\u00e4t\u00e4numeroon tulee soittaa silloin, kun kohtaat h\u00e4t\u00e4tilanteen, tarvitset kiireellisesti viranomaisapua paikalle tai tied\u00e4t\/ep\u00e4ilet hengen, terveyden, omaisuuden tai ymp\u00e4rist\u00f6n olevan uhattuna tai vaarassa. Kun h\u00e4t\u00e4keskusp\u00e4ivyst\u00e4j\u00e4 on puhelimen toisessa p\u00e4\u00e4ss\u00e4, sinun tulee vastata esitettyihin kysymyksiin, toimia ohjeiden mukaisesti ja p\u00e4\u00e4tt\u00e4\u00e4 puhelu vasta, kun olet saanut siihen luvan. Ole tietoinen, ett\u00e4 h\u00e4t\u00e4numeroon ei tule soittaa kiireett\u00f6miss\u00e4 tilanteissa, h\u00e4iri\u00f6tilanteissa, jotka eiv\u00e4t vaaranna ket\u00e4\u00e4n tai tiedustelutarkoituksessa.<\/p>\n\n\n\n<p><strong>Palvelukeskus Soteekin opiskelijoiden mielikuva<\/strong><\/p>\n\n\n\n<p>Palvelukeskus Soteekissa toimivat opiskelijat nostivat vahvinten esiin 112-p\u00e4iv\u00e4st\u00e4 poliisi-, ensihoitaja- ja palomiestoiminnan. Puhetta kehittyi my\u00f6s h\u00e4t\u00e4keskusp\u00e4ivyst\u00e4j\u00e4n ammatista sek\u00e4 siihen kouluttautumisesta. Tietoisuus h\u00e4t\u00e4numeroon soittamisesta sek\u00e4 h\u00e4t\u00e4tilanteessa toimimisesta oli l\u00e4hes jokaiselle keskusteluun osallistuneelle tuttua. P\u00e4iv\u00e4n p\u00e4\u00e4tavoite, eli turvallisuuden lis\u00e4\u00e4minen arjessa, ei noussut esille keskustelussa ollenkaan.<\/p>\n\n\n\n<p><a href=\"https:\/\/112.fi\/mika-on-112-paiva\">https:\/\/112.fi\/mika-on-112-paiva<\/a><\/p>\n\n\n\n<p><a href=\"https:\/\/112paiva.info\/mika-112-paiva\/\">https:\/\/112paiva.info\/mika-112-paiva\/<\/a><\/p>\n\n\n\n<p><a href=\"https:\/\/www.suomi.fi\/palvelut\/hatailmoituksen-tekeminen-hatakeskuslaitos\/01a571b5-3eb9-4b49-a27e-ec8427737c5b\">https:\/\/www.suomi.fi\/palvelut\/hatailmoituksen-tekeminen-hatakeskuslaitos\/01a571b5-3eb9-4b49-a27e-ec8427737c5b<\/a><\/p>\n","protected":false},"excerpt":{"rendered":"<p>Kirjoittaja: Sairaanhoitajaopiskelija Joanna Sainio Vuodesta 1997 l\u00e4htien vietetyst\u00e4 112-p\u00e4iv\u00e4st\u00e4 on muodostunut Suomessa perinne. T\u00e4n\u00e4 vuonna mittariin t\u00e4yttyy jo 26. vuosikerta. Vaikka Suomessa t\u00e4m\u00e4 t\u00e4rke\u00e4 aihe on saanut huomiota jo 90-luvulla, Euroopan yhteist\u00e4 112-p\u00e4iv\u00e4\u00e4 on juhlittu ensimm\u00e4isen kerran vasta vuonna 2008. Nyky\u00e4\u00e4n kyseinen p\u00e4iv\u00e4 on tunnettu my\u00f6s muualla Euroopassa. Euroopan komissio on yhdess\u00e4 Euroopan parlamentin sek\u00e4 &hellip; <\/p>\n<p class=\"link-more\"><a href=\"https:\/\/www.soteekki.fi\/blogi\/112-paiva\/\" class=\"more-link\">Continue reading<span class=\"screen-reader-text\"> &#8220;112-p\u00e4iv\u00e4&#8221;<\/span><\/a><\/p>\n","protected":false},"author":3,"featured_media":0,"comment_status":"open","ping_status":"open","sticky":false,"template":"","format":"standard","meta":{"footnotes":""},"categories":[39,11],"tags":[],"class_list":["post-592","post","type-post","status-publish","format-standard","hentry","category-juhlapaivat-juhlaviikot","category-yleinen-fi"],"_links":{"self":[{"href":"https:\/\/www.soteekki.fi\/blogi\/wp-json\/wp\/v2\/posts\/592","targetHints":{"allow":["GET"]}}],"collection":[{"href":"https:\/\/www.soteekki.fi\/blogi\/wp-json\/wp\/v2\/posts"}],"about":[{"href":"https:\/\/www.soteekki.fi\/blogi\/wp-json\/wp\/v2\/types\/post"}],"author":[{"embeddable":true,"href":"https:\/\/www.soteekki.fi\/blogi\/wp-json\/wp\/v2\/users\/3"}],"replies":[{"embeddable":true,"href":"https:\/\/www.soteekki.fi\/blogi\/wp-json\/wp\/v2\/comments?post=592"}],"version-history":[{"count":2,"href":"https:\/\/www.soteekki.fi\/blogi\/wp-json\/wp\/v2\/posts\/592\/revisions"}],"predecessor-version":[{"id":668,"href":"https:\/\/www.soteekki.fi\/blogi\/wp-json\/wp\/v2\/posts\/592\/revisions\/668"}],"wp:attachment":[{"href":"https:\/\/www.soteekki.fi\/blogi\/wp-json\/wp\/v2\/media?parent=592"}],"wp:term":[{"taxonomy":"category","embeddable":true,"href":"https:\/\/www.soteekki.fi\/blogi\/wp-json\/wp\/v2\/categories?post=592"},{"taxonomy":"post_tag","embeddable":true,"href":"https:\/\/www.soteekki.fi\/blogi\/wp-json\/wp\/v2\/tags?post=592"}],"curies":[{"name":"wp","href":"https:\/\/api.w.org\/{rel}","templated":true}]}}