{"id":596,"date":"2023-02-13T09:00:00","date_gmt":"2023-02-13T07:00:00","guid":{"rendered":"https:\/\/soteekki.fi\/blogi\/?p=596"},"modified":"2023-11-17T10:23:24","modified_gmt":"2023-11-17T08:23:24","slug":"ystavanpaiva-14-2","status":"publish","type":"post","link":"https:\/\/www.soteekki.fi\/blogi\/ystavanpaiva-14-2\/","title":{"rendered":"Yst\u00e4v\u00e4np\u00e4iv\u00e4 14.2."},"content":{"rendered":"\n<p>Sosionomiopiskelijat Anni M\u00e4kil\u00e4, Emma Ilola ja Sanni Kilponen<\/p>\n\n\n\n<p>Yst\u00e4v\u00e4np\u00e4iv\u00e4\u00e4 vietet\u00e4\u00e4n 14. Helmikuuta. T\u00e4n\u00e4 vuonna yst\u00e4v\u00e4np\u00e4iv\u00e4 osuu tiistaille. Yst\u00e4v\u00e4np\u00e4iv\u00e4\u00e4 on juhlittu vuodesta 1980 asti Suomessa. Viralliseksi p\u00e4iv\u00e4ksi se on merkitty kalenteriin vuonna 1996. Yst\u00e4v\u00e4np\u00e4iv\u00e4 on joulun j\u00e4lkeen toiseksi suosituin korttip\u00e4iv\u00e4.<\/p>\n\n\n\n<p>Kansainv\u00e4lisesti yst\u00e4v\u00e4np\u00e4iv\u00e4 on Valentinuksen p\u00e4iv\u00e4. Yst\u00e4v\u00e4np\u00e4iv\u00e4 on my\u00f6s kansainv\u00e4lisesti tavallisesti rakastavaisten juhla, Suomessa kuitenkin t\u00e4t\u00e4 pidet\u00e4\u00e4n yleisesti yst\u00e4vien muistamisen juhlap\u00e4iv\u00e4n\u00e4.<\/p>\n\n\n\n<p>Yst\u00e4v\u00e4np\u00e4iv\u00e4\u00e4 symboloi punainen syd\u00e4n. Syd\u00e4n kuvaa rakkautta, yst\u00e4vyytt\u00e4 ja ihailua. Punainen syd\u00e4n symboloi ymp\u00e4ri maailman yst\u00e4vyytt\u00e4. Suomen Punainen Risti on ensimm\u00e4inen, joka on painattanut yst\u00e4v\u00e4np\u00e4iv\u00e4kortit.<\/p>\n\n\n\n<p>Perinteisesti yst\u00e4vi\u00e4 muistetaan yst\u00e4v\u00e4np\u00e4iv\u00e4n\u00e4 kortilla tai pienill\u00e4 lahjoilla, kuten jollakin makealla herkulla. Lahjan sijaan voi muistaa my\u00f6s teoilla. Esimerkiksi tekem\u00e4ll\u00e4 yhdess\u00e4 ruokaa, katsoa elokuvaa tai kertoa kuinka t\u00e4rke\u00e4 on.<\/p>\n\n\n\n<p>Ajatus yst\u00e4v\u00e4np\u00e4iv\u00e4st\u00e4 on alkuperin l\u00e4ht\u00f6isin jo antiikin Rooman ajoilta, jolloin vietettiin kev\u00e4ist\u00e4 hedelm\u00e4llisyysjuhlaa Lupercaliaa. Silloin juhlittiin roomalaista naisten ja avioliiton jumalatarta sek\u00e4 luonnon jumalaa.<\/p>\n\n\n\n<p>Kyselimme opiskelijoilta kampuksella mit\u00e4 ajatuksia yst\u00e4v\u00e4np\u00e4iv\u00e4 her\u00e4tt\u00e4\u00e4 tai miten aikovat viett\u00e4\u00e4 sit\u00e4.<\/p>\n\n\n\n<p>Opiskelijoiden vastauksia:<\/p>\n\n\n\n<p class=\"has-text-align-center\"><em>\u201cRakastajien p\u00e4iv\u00e4 muualla maailmassa ja Suomessa oikeasti yst\u00e4v\u00e4np\u00e4iv\u00e4, jolloin muistetaan yst\u00e4v\u00e4\u00e4 n\u00e4kem\u00e4ll\u00e4, l\u00e4hett\u00e4m\u00e4ll\u00e4 viesti\u00e4 tai yst\u00e4v\u00e4np\u00e4iv\u00e4kortilla.\u201d<\/em><\/p>\n\n\n\n<p class=\"has-text-align-center\"><em>\u201cRanskalainen opiskelijamme kyseli, onko p\u00e4iv\u00e4 Suomessa yst\u00e4vien vai pariskuntien?\u201d<\/em><\/p>\n\n\n\n<p class=\"has-text-align-center\"><em>\u201cYst\u00e4v\u00e4np\u00e4iv\u00e4n\u00e4 ajattelee enemm\u00e4n yst\u00e4vi\u00e4\u201d<\/em><\/p>\n\n\n\n<p class=\"has-text-align-center\"><em>\u201dL\u00e4het\u00e4n yst\u00e4v\u00e4np\u00e4iv\u00e4kortin\u201d<\/em><\/p>\n\n\n\n<p class=\"has-text-align-center\"><em>\u201dK\u00e4yn yst\u00e4v\u00e4n kanssa kahvilla\u201d<\/em><\/p>\n\n\n\n<p class=\"has-text-align-center\"><em>\u201dMuistan yst\u00e4v\u00e4\u00e4 pienell\u00e4 lahjalla\u201d<\/em><\/p>\n\n\n\n<p class=\"has-text-align-center\"><em>\u201cAion viett\u00e4\u00e4 aikaa yst\u00e4vien kanssa\u201d<\/em><\/p>\n\n\n\n<p class=\"has-text-align-center\"><em>\u201cYst\u00e4v\u00e4np\u00e4iv\u00e4 aiheuttaa stressin, jos ei n\u00e4e yst\u00e4vi\u00e4\u201d<\/em><\/p>\n\n\n\n<p class=\"has-text-align-center\"><em>\u201cPaine lahjan ostosta, koska nyky\u00e4\u00e4n yst\u00e4v\u00e4np\u00e4iv\u00e4 on liian materialistinen\u201d<\/em><\/p>\n\n\n\n<p class=\"has-text-align-center\"><em>\u201dYst\u00e4v\u00e4np\u00e4iv\u00e4n\u00e4 ajattelee enemm\u00e4n, miten etuoikeutetussa asemassa on, kun on yst\u00e4vi\u00e4\u201d<\/em><\/p>\n\n\n\n<p class=\"has-text-align-center\"><em>\u201cAmerikkalainen hapetus ja syrj\u00e4ytt\u00e4\u00e4 ja luo paineita. Eri arvoistaa valmiiksi yksin\u00e4isi\u00e4 ja sinkkuja, joilla ei ole seuraa. Yst\u00e4vi\u00e4 ja l\u00e4heisi\u00e4 tulisi muistaa jokaisena p\u00e4iv\u00e4n\u00e4 eik\u00e4 vain yst\u00e4v\u00e4np\u00e4iv\u00e4n\u00e4. Lis\u00e4ksi liika suklaan sy\u00f6nti vaarantaa kansanterveytt\u00e4\u201d<\/em><\/p>\n\n\n\n<p>Muistetaan muistaa yst\u00e4vi\u00e4 yst\u00e4v\u00e4np\u00e4iv\u00e4n\u00e4. Haastetaan jokainen kertomaan yst\u00e4villeen, kuinka t\u00e4rkeit\u00e4 he ovat.<\/p>\n\n\n\n<p>Hyv\u00e4\u00e4 yst\u00e4v\u00e4np\u00e4iv\u00e4\u00e4 kaikille! &lt;3<\/p>\n\n\n\n<p>https:\/\/yle.fi\/aihe\/artikkeli\/2013\/02\/04\/ystavanpaiva-142   https:\/\/www.mtvuutiset.fi\/artikkeli\/tiesitko-taman-ystavanpaivasta-lue-miksi-tanaan-juhlitaan\/3194940 https:\/\/fi.wikipedia.org\/wiki\/Yst%C3%A4v%C3%A4np%C3%A4iv%C3%A4<\/p>\n","protected":false},"excerpt":{"rendered":"<p>Sosionomiopiskelijat Anni M\u00e4kil\u00e4, Emma Ilola ja Sanni Kilponen Yst\u00e4v\u00e4np\u00e4iv\u00e4\u00e4 vietet\u00e4\u00e4n 14. Helmikuuta. T\u00e4n\u00e4 vuonna yst\u00e4v\u00e4np\u00e4iv\u00e4 osuu tiistaille. Yst\u00e4v\u00e4np\u00e4iv\u00e4\u00e4 on juhlittu vuodesta 1980 asti Suomessa. Viralliseksi p\u00e4iv\u00e4ksi se on merkitty kalenteriin vuonna 1996. Yst\u00e4v\u00e4np\u00e4iv\u00e4 on joulun j\u00e4lkeen toiseksi suosituin korttip\u00e4iv\u00e4. Kansainv\u00e4lisesti yst\u00e4v\u00e4np\u00e4iv\u00e4 on Valentinuksen p\u00e4iv\u00e4. Yst\u00e4v\u00e4np\u00e4iv\u00e4 on my\u00f6s kansainv\u00e4lisesti tavallisesti rakastavaisten juhla, Suomessa kuitenkin t\u00e4t\u00e4 pidet\u00e4\u00e4n &hellip; <\/p>\n<p class=\"link-more\"><a href=\"https:\/\/www.soteekki.fi\/blogi\/ystavanpaiva-14-2\/\" class=\"more-link\">Continue reading<span class=\"screen-reader-text\"> &#8220;Yst\u00e4v\u00e4np\u00e4iv\u00e4 14.2.&#8221;<\/span><\/a><\/p>\n","protected":false},"author":3,"featured_media":0,"comment_status":"open","ping_status":"open","sticky":false,"template":"","format":"standard","meta":{"footnotes":""},"categories":[45,39,11],"tags":[],"class_list":["post-596","post","type-post","status-publish","format-standard","hentry","category-hyvinvointi","category-juhlapaivat-juhlaviikot","category-yleinen-fi"],"_links":{"self":[{"href":"https:\/\/www.soteekki.fi\/blogi\/wp-json\/wp\/v2\/posts\/596","targetHints":{"allow":["GET"]}}],"collection":[{"href":"https:\/\/www.soteekki.fi\/blogi\/wp-json\/wp\/v2\/posts"}],"about":[{"href":"https:\/\/www.soteekki.fi\/blogi\/wp-json\/wp\/v2\/types\/post"}],"author":[{"embeddable":true,"href":"https:\/\/www.soteekki.fi\/blogi\/wp-json\/wp\/v2\/users\/3"}],"replies":[{"embeddable":true,"href":"https:\/\/www.soteekki.fi\/blogi\/wp-json\/wp\/v2\/comments?post=596"}],"version-history":[{"count":1,"href":"https:\/\/www.soteekki.fi\/blogi\/wp-json\/wp\/v2\/posts\/596\/revisions"}],"predecessor-version":[{"id":597,"href":"https:\/\/www.soteekki.fi\/blogi\/wp-json\/wp\/v2\/posts\/596\/revisions\/597"}],"wp:attachment":[{"href":"https:\/\/www.soteekki.fi\/blogi\/wp-json\/wp\/v2\/media?parent=596"}],"wp:term":[{"taxonomy":"category","embeddable":true,"href":"https:\/\/www.soteekki.fi\/blogi\/wp-json\/wp\/v2\/categories?post=596"},{"taxonomy":"post_tag","embeddable":true,"href":"https:\/\/www.soteekki.fi\/blogi\/wp-json\/wp\/v2\/tags?post=596"}],"curies":[{"name":"wp","href":"https:\/\/api.w.org\/{rel}","templated":true}]}}