{"id":604,"date":"2023-03-21T11:20:38","date_gmt":"2023-03-21T09:20:38","guid":{"rendered":"https:\/\/soteekki.fi\/blogi\/?p=604"},"modified":"2023-11-17T10:23:02","modified_gmt":"2023-11-17T08:23:02","slug":"downin-syndrooma-paiva-21-maaliskuuta-2023","status":"publish","type":"post","link":"https:\/\/www.soteekki.fi\/blogi\/downin-syndrooma-paiva-21-maaliskuuta-2023\/","title":{"rendered":"Downin\u00a0syndrooma\u00a0p\u00e4iv\u00e4- 21. maaliskuuta\u00a02023\u00a0"},"content":{"rendered":"\n<p><\/p>\n\n\n\n<p>&#8220;Meid\u00e4n&nbsp;kanssamme, ei meit\u00e4&nbsp;varten&#8221;&nbsp;<\/p>\n\n\n\n<p><strong>Downin<\/strong><strong>&nbsp;<\/strong><strong>syndroomasta<\/strong>&nbsp;<\/p>\n\n\n\n<p>Downin&nbsp;oireyhtym\u00e4&nbsp;eli trisomia 21 on tila, jossa&nbsp;ihmisell\u00e4&nbsp;on ylim\u00e4\u00e4r\u00e4inen&nbsp;21. kromosomi&nbsp;jokaisessa&nbsp;kehon&nbsp;solussa.&nbsp;<\/p>\n\n\n\n<p>Hyvin&nbsp;pienell\u00e4&nbsp;osalla&nbsp;Downin&nbsp;oireyhtym\u00e4\u00e4&nbsp;sairastavista&nbsp;henkil\u00f6ist\u00e4&nbsp;on ylim\u00e4\u00e4r\u00e4inen&nbsp;kopio&nbsp;kromosomi&nbsp;21:st\u00e4&nbsp;vain&nbsp;rajatusti&nbsp;osassa&nbsp;kehon&nbsp;soluja,&nbsp;t\u00e4t\u00e4&nbsp;tilaa&nbsp;kutsutaan&nbsp;mosaikismiksi.&nbsp;&nbsp;<\/p>\n\n\n\n<p>Noin&nbsp;1 vauvalla&nbsp;700\/800:sta,&nbsp;on synnyn\u00e4isesti&nbsp;Downin&nbsp;oireyhtym\u00e4.&nbsp;Se esiintyy&nbsp;orgaanisesti&nbsp;eik\u00e4&nbsp;sille&nbsp;ole l\u00f6ydetty&nbsp;tunnettua&nbsp;syyt\u00e4, vaan&nbsp;sen ilmestyminen&nbsp;on satunnaista.&nbsp;Vaikka&nbsp;kaikenik\u00e4iset&nbsp;naiset&nbsp;voivat&nbsp;saada&nbsp;Downin&nbsp;syndrooma-lapsen, yksi&nbsp;tekij\u00e4, jonka&nbsp;tiedet\u00e4\u00e4n&nbsp;lis\u00e4\u00e4v\u00e4n&nbsp;riski\u00e4, on \u00e4idin&nbsp;korkeampi&nbsp;ik\u00e4.&nbsp;35-vuotiaat ja&nbsp;sit\u00e4&nbsp;vanhemmat&nbsp;naiset&nbsp;saavat&nbsp;todenn\u00e4k\u00f6isemmin&nbsp;Downin&nbsp;oireyhtym\u00e4\u00e4&nbsp;sairastavan&nbsp;lapsen.&nbsp;<\/p>\n\n\n\n<p class=\"has-text-align-left\">Kromosomit&nbsp;ovat&nbsp;geenien&nbsp;ja&nbsp;tiedon&nbsp;&#8220;paketteja&#8221;, jotka&nbsp;sijaitsevat&nbsp;jokaisessa&nbsp;kehon&nbsp;solussa. Ne kantavat&nbsp;tietoa DNA:ta, joka&nbsp;ohjaa&nbsp;sit\u00e4&nbsp;milt\u00e4&nbsp;n\u00e4yt\u00e4t&nbsp;ja&nbsp;miten&nbsp;kehosi&nbsp;ja&nbsp;aivosi&nbsp;toimivat&nbsp;ja&nbsp;kehittyv\u00e4t<\/p>\n\n\n\n<p>Downin&nbsp;oireyhtym\u00e4&nbsp;aiheuttaa&nbsp;yleens\u00e4&nbsp;eriasteisia&nbsp;kognitiivisia&nbsp;ja&nbsp;fyysisi\u00e4&nbsp;haasteita&nbsp;ja&nbsp;niihin&nbsp;liittyvi\u00e4&nbsp;l\u00e4\u00e4ketieteellisi\u00e4&nbsp;ongelmia, oireet&nbsp;ovat&nbsp;erilaisia&nbsp;jokaisella&nbsp;henkil\u00f6ll\u00e4.&nbsp;&nbsp;Henkil\u00f6ill\u00e4&nbsp;joilla&nbsp;oireyhtym\u00e4&nbsp;on, haasteet&nbsp;voivat&nbsp;olla my\u00f6s&nbsp;erilaisia&nbsp;eri el\u00e4m\u00e4nvaiheissa.&nbsp;&nbsp;<\/p>\n\n\n\n<p>Downin&nbsp;oireyhtym\u00e4\u00e4&nbsp;sairastavilla&nbsp;henkil\u00f6ill\u00e4&nbsp;on usein&nbsp;tyypilliset&nbsp;kasvonpiirteet,&nbsp;johon&nbsp;kuuluu&nbsp;kasvojen&nbsp;litteys, yl\u00f6sp\u00e4in&nbsp;suuntautuvat&nbsp;silm\u00e4kulmat&nbsp;(yl\u00f6sp\u00e4in&nbsp;suuntautuvat&nbsp;silm\u00e4nhalkiot, pienet&nbsp;korvat, lyhyt&nbsp;kaula&nbsp;ja&nbsp;suusta&nbsp;ulos&nbsp;ty\u00f6ntyv\u00e4&nbsp;kieli. Monilla&nbsp;on pienet&nbsp;k\u00e4det&nbsp;ja&nbsp;jalat&nbsp;ja&nbsp;k\u00e4mmenten&nbsp;poikki&nbsp;on yksi&nbsp;poimu. Noin&nbsp;puolet&nbsp;sairastuneista&nbsp;lapsista&nbsp;syntyy&nbsp;syd\u00e4nvian&nbsp;kanssa.&nbsp;<\/p>\n\n\n\n<p>Heid\u00e4n&nbsp;puheensa&nbsp;ja&nbsp;kielens\u00e4&nbsp;kehittyy&nbsp;my\u00f6hemmin&nbsp;ja&nbsp;hitaammin&nbsp;kuin&nbsp;lapsilla, joilla&nbsp;ei ole Downin&nbsp;oireyhtym\u00e4\u00e4. Lis\u00e4ksi&nbsp;puhetta&nbsp;voi olla my\u00f6s&nbsp;vaikea&nbsp;ymm\u00e4rt\u00e4\u00e4.&nbsp;<\/p>\n\n\n\n<p>K\u00e4ytt\u00e4ytymiseen&nbsp;liittyviin&nbsp;haasteisiin&nbsp;voi kuulua&nbsp;tarkkaavaisuusongelmia, pakko-oireista\/pakko-oireista&nbsp;k\u00e4ytt\u00e4ytymist\u00e4&nbsp;ja&nbsp;itsep\u00e4isyytt\u00e4&nbsp;tai&nbsp;kiukuttelua. Pienell\u00e4&nbsp;osalla&nbsp;Downin&nbsp;oireyhtym\u00e4\u00e4&nbsp;sairastavista&nbsp;diagnosoidaan&nbsp;my\u00f6s&nbsp;autismin&nbsp;kirjon&nbsp;h\u00e4iri\u00f6iksi&nbsp;kutsuttuja&nbsp;kehitysh\u00e4iri\u00f6it\u00e4, jotka&nbsp;vaikuttavat&nbsp;kommunikaatioon&nbsp;ja&nbsp;sosiaaliseen&nbsp;vuorovaikutukseen. Lis\u00e4ksi&nbsp;heid\u00e4n&nbsp;ajattelukykyns\u00e4&nbsp;(kognitio) heikkenee&nbsp;usein&nbsp;asteittain&nbsp;i\u00e4n&nbsp;my\u00f6t\u00e4, yleens\u00e4&nbsp;noin&nbsp;50 vuoden&nbsp;i\u00e4st\u00e4&nbsp;alkaen. Downin&nbsp;oireyhtym\u00e4\u00e4n&nbsp;liittyy&nbsp;itse&nbsp;asiassa&nbsp;kohonnut&nbsp;riski&nbsp;sairastua&nbsp;Alzheimerin&nbsp;tautiin, muistisairauteen, joka&nbsp;johtaa&nbsp;muistin, arvostelukyvyn&nbsp;ja&nbsp;toimintakyvyn&nbsp;asteittaiseen&nbsp;heikkenemiseen. Noin&nbsp;puolet&nbsp;aikuisista, joilla&nbsp;on Downin&nbsp;oireyhtym\u00e4, sairastuu&nbsp;Alzheimerin&nbsp;tautiin.&nbsp;<\/p>\n\n\n\n<p><strong>Maailman<\/strong><strong>&nbsp;<\/strong><strong>Downin<\/strong><strong>&nbsp;<\/strong><strong>syndrooma<\/strong><strong>&nbsp;<\/strong><strong>p\u00e4iv\u00e4<\/strong><strong>&nbsp;&#8211; World Down <\/strong><strong>Syndrome<\/strong><strong>&nbsp;Day WDSD<\/strong>&nbsp;<\/p>\n\n\n\n<p>Maailman&nbsp;Downin&nbsp;syndroomap\u00e4iv\u00e4&nbsp;(World Down Syndrome&nbsp;Day, WDSD) on maailmanlaajuinen&nbsp;tietoisuusp\u00e4iv\u00e4, jota&nbsp;Yhdistyneet&nbsp;kansakunnat&nbsp;on viett\u00e4nyt&nbsp;virallisesti&nbsp;vuodesta&nbsp;2012 l\u00e4htien. WDSD-p\u00e4iv\u00e4n&nbsp;p\u00e4iv\u00e4m\u00e4\u00e4r\u00e4, on kolmannen&nbsp;kuukauden&nbsp;21. p\u00e4iv\u00e4&nbsp;ja&nbsp;se valittiin&nbsp;merkitsem\u00e4\u00e4n&nbsp;Downin&nbsp;oireyhtym\u00e4n&nbsp;aiheuttavan&nbsp;21. kromosomin&nbsp;triplaantumisen&nbsp;(trisomian) ainutlaatuisuutta.&nbsp;<\/p>\n\n\n\n<p>T\u00e4m\u00e4nvuotisen&nbsp;kampanjan&nbsp;viesti&nbsp;&#8220;kanssamme, ei puolestamme&#8221; on keskeinen&nbsp;vammaisuutta&nbsp;koskevan&nbsp;ihmisoikeusl\u00e4ht\u00f6isen&nbsp;l\u00e4hestymistavan&nbsp;kannalta. Kampanjan&nbsp;tavoitteena&nbsp;on p\u00e4\u00e4st\u00e4&nbsp;eroon&nbsp;vanhentuneesta&nbsp;vammaisuuden&nbsp;hyv\u00e4ntekev\u00e4isyysmallista, jossa&nbsp;ihmisi\u00e4&nbsp;kohdeltiin&nbsp;hyv\u00e4ntekev\u00e4isyyden&nbsp;kohteina, jotka&nbsp;ansaitsivat&nbsp;s\u00e4\u00e4li\u00e4&nbsp;ja&nbsp;olivat&nbsp;riippuvaisia&nbsp;muiden&nbsp;tuesta. T\u00e4m\u00e4n&nbsp;l\u00e4hestymistavan&nbsp;mukaan&nbsp;vammaisilla&nbsp;on oikeus&nbsp;oikeudenmukaiseen&nbsp;kohteluun&nbsp;ja&nbsp;samoihin&nbsp;mahdollisuuksiin&nbsp;kuin&nbsp;kaikilla&nbsp;muillakin&nbsp;ja&nbsp;he ty\u00f6skentelev\u00e4t&nbsp;yhdess\u00e4&nbsp;muiden&nbsp;kanssa&nbsp;parantaakseen&nbsp;el\u00e4m\u00e4\u00e4ns\u00e4.&nbsp;<\/p>\n\n\n\n<p>Yhdistyneiden&nbsp;Kansakuntien&nbsp;vammaisten&nbsp;henkil\u00f6iden&nbsp;oikeuksia&nbsp;koskevassa&nbsp;yleissopimuksessa, vaaditaan&nbsp;vammaisten&nbsp;henkil\u00f6iden&nbsp;t\u00e4ysipainoista&nbsp;ja&nbsp;tehokasta&nbsp;osallistumista, mutta&nbsp;monet&nbsp;j\u00e4rjest\u00f6t&nbsp;sulkevat&nbsp;edelleen&nbsp;Downin&nbsp;oireyhtym\u00e4\u00e4&nbsp;sairastavat&nbsp;henkil\u00f6t&nbsp;ty\u00f6ns\u00e4&nbsp;ulkopuolelle. N\u00e4in&nbsp;he&nbsp;tekev\u00e4t&nbsp;p\u00e4\u00e4t\u00f6ksi\u00e4&nbsp;<strong>heit\u00e4<\/strong><strong>&nbsp;<\/strong><strong>varten<\/strong>, eiv\u00e4t&nbsp;<strong>heid\u00e4n<\/strong><strong>&nbsp;<\/strong><strong>kanssaan<\/strong>. Downin&nbsp;syndroomaa&nbsp;sairastavia&nbsp;ihmisi\u00e4&nbsp;kohdellaan&nbsp;huonosti&nbsp;kaikkialla&nbsp;maailmassa. Heilt\u00e4&nbsp;ev\u00e4t\u00e4\u00e4n&nbsp;koulutus, hyv\u00e4&nbsp;terveydenhuolto, mahdollisuus&nbsp;tehd\u00e4&nbsp;ty\u00f6t\u00e4&nbsp;ja&nbsp;ansaita&nbsp;omaa&nbsp;rahaa, eik\u00e4&nbsp;heid\u00e4n&nbsp;anneta&nbsp;p\u00e4\u00e4tt\u00e4\u00e4&nbsp;omasta&nbsp;el\u00e4m\u00e4st\u00e4\u00e4n: heid\u00e4n&nbsp;\u00e4\u00e4nt\u00e4\u00e4n&nbsp;ei kuulla!&nbsp;<\/p>\n\n\n\n<p>Siksi&nbsp;t\u00e4m\u00e4&nbsp;j\u00e4rjest\u00f6&nbsp;pyrkii&nbsp;21. maaliskuuta&nbsp;luomaan&nbsp;yhden&nbsp;ainoan&nbsp;ja&nbsp;koko&nbsp;maailman&nbsp;laajuisen&nbsp;viestin,&nbsp;jolla&nbsp;puolustetaan&nbsp;Downin&nbsp;syndroomaa&nbsp;sairastavien&nbsp;oikeuksia, osallisuutta&nbsp;ja&nbsp;hyvinvointia.&nbsp;<\/p>\n\n\n\n<p><strong>Sukat<\/strong><strong>&nbsp;<\/strong><strong>rokkaa<\/strong><strong>&nbsp;&#8211;<\/strong><strong>kampanja<\/strong>&nbsp;<\/p>\n\n\n<div class=\"wp-block-image\">\n<figure class=\"alignleft size-full is-resized\"><img loading=\"lazy\" decoding=\"async\" src=\"https:\/\/www.soteekki.fi\/blogi\/wp-content\/uploads\/2023\/03\/istockphoto-1091767762-612x612-1.jpg\" alt=\"\" class=\"wp-image-600\" style=\"width:198px;height:141px\" width=\"198\" height=\"141\" srcset=\"https:\/\/www.soteekki.fi\/blogi\/wp-content\/uploads\/2023\/03\/istockphoto-1091767762-612x612-1.jpg 612w, https:\/\/www.soteekki.fi\/blogi\/wp-content\/uploads\/2023\/03\/istockphoto-1091767762-612x612-1-300x214.jpg 300w\" sizes=\"auto, (max-width: 198px) 100vw, 198px\" \/><\/figure>\n<\/div>\n\n\n<p>Ihmiset&nbsp;ymp\u00e4ri&nbsp;maailmaa&nbsp;ovat&nbsp;vuodesta&nbsp;2013 l\u00e4htien&nbsp;k\u00e4ytt\u00e4neet&nbsp;v\u00e4rikk\u00e4it\u00e4&nbsp;tai&nbsp;silmiinpist\u00e4v\u00e4n&nbsp;eriparisia&nbsp;sukkia&nbsp;lis\u00e4t\u00e4kseen&nbsp;tietoisuutta&nbsp;maailman&nbsp;Downin&nbsp;syndrooma&nbsp;-p\u00e4iv\u00e4st\u00e4&nbsp;21. maaliskuuta. Teemap\u00e4iv\u00e4n\u00e4&nbsp;k\u00e4ytet\u00e4\u00e4n&nbsp;kahta&nbsp;erilaista&nbsp;sukkaa&nbsp;ihmisten&nbsp;ainutlaatuisuuden&nbsp;kunniaksi. Sukat&nbsp;valittiin, koska&nbsp;se on helppo&nbsp;tapa saada&nbsp;ihmiset&nbsp;osallistumaan.&nbsp;<\/p>\n\n\n\n<p>Haasteen&nbsp;tavoitteena&nbsp;on jakaa&nbsp;tietoisuutta&nbsp;Downin&nbsp;syndroomasta&nbsp;ja&nbsp;her\u00e4tt\u00e4\u00e4&nbsp;keskustelua&nbsp;sellaisten&nbsp;ihmisten&nbsp;kanssa, jotka&nbsp;eiv\u00e4t&nbsp;tied\u00e4&nbsp;t\u00e4st\u00e4&nbsp;teemap\u00e4iv\u00e4st\u00e4&nbsp;ja&nbsp;kysyv\u00e4t&nbsp;sukista.&nbsp;<\/p>\n\n\n\n<p>Downin&nbsp;syndroomaa&nbsp;sairastavien&nbsp;ihmisten&nbsp;hyv\u00e4ksyminen&nbsp;yhteiskunnassa&nbsp;ja&nbsp;heid\u00e4n&nbsp;mahdollisuutensa&nbsp;osallistua&nbsp;mielekk\u00e4\u00e4sti&nbsp;heid\u00e4n&nbsp;el\u00e4m\u00e4\u00e4ns\u00e4&nbsp;vaikuttaviin&nbsp;p\u00e4\u00e4t\u00f6ksentekokysymyksiin&nbsp;ei ole viel\u00e4k\u00e4\u00e4n&nbsp;itsest\u00e4\u00e4nselvyys. Tiedon&nbsp;jakamisen&nbsp;ja&nbsp;henkil\u00f6kohtaisen&nbsp;kokemuksen&nbsp;my\u00f6nteisen&nbsp;esimerkin&nbsp;ansiosta&nbsp;jokainen&nbsp;meist\u00e4&nbsp;voi murtaa&nbsp;ennakkoluuloja, auttaa&nbsp;muita&nbsp;tulemaan&nbsp;tasa-arvoisiksi&nbsp;yhteiskunnan&nbsp;j\u00e4seniksi&nbsp;ja&nbsp;toteuttamaan&nbsp;unelmiaan&nbsp;&#8211; el\u00e4m\u00e4\u00e4n&nbsp;t\u00e4ytt\u00e4&nbsp;el\u00e4m\u00e4\u00e4.&nbsp;<\/p>\n\n\n\n<p>Sinun&nbsp;tarvitsee&nbsp;vain&nbsp;pukea&nbsp;21. maaliskuuta&nbsp;jalkaasi&nbsp;kaksi&nbsp;eriparisukkaa, ottaa&nbsp;kuva&nbsp;ja&nbsp;jakaa&nbsp;se sosiaalisessa&nbsp;mediassa&nbsp;hashtagilla&nbsp;#SockChallenge.&nbsp;<\/p>\n\n\n\n<p>Jaa&nbsp;kuva&nbsp;tai&nbsp;video Facebookissa, Twitteriss\u00e4, Instagramissa&nbsp;ja&nbsp;TikTokissa&nbsp;k\u00e4ytt\u00e4m\u00e4ll\u00e4&nbsp;virallisia&nbsp;WDSD-hashtageja&nbsp;sosiaalisen&nbsp;median&nbsp;julkaisuissasi&nbsp;ja&nbsp;auta&nbsp;samalla&nbsp;jakamaan&nbsp;tietoa&nbsp;&nbsp;Maailman&nbsp;Downin&nbsp;syndrooma&nbsp;-p\u00e4iv\u00e4n\u00e4&nbsp;&#8211; #LotsOfSocks#WorldDownSyndromeDay #WithUsNotForUs #WDSD2023 #ShareTheJourney.&nbsp;&nbsp;<\/p>\n\n\n\n<p>Jos&nbsp;joku&nbsp;on kiinnostunut&nbsp;tutustumaan&nbsp;aiheeseen&nbsp;lis\u00e4\u00e4. Lyhytelokuvassa&nbsp;&#8220;chromosomes&nbsp;R us&#8221;,&nbsp; Downin&nbsp;syndroomaa&nbsp;sairastavat&nbsp;n\u00e4yttelij\u00e4t&nbsp;selitt\u00e4v\u00e4t, miten&nbsp;trisomia 21 syntyy.&nbsp;&nbsp;<\/p>\n\n\n\n<p><a href=\"https:\/\/medlineplus.gov\/genetics\/condition\/down-syndrome\/#frequency\">https:\/\/medlineplus.gov\/genetics\/condition\/down-syndrome\/#frequency<\/a><\/p>\n\n\n\n<p><a href=\"https:\/\/www.worlddownsyndromeday.org\/what-is-down-syndrome\">https:\/\/www.worlddownsyndromeday.org\/what-is-down-syndrome<\/a><\/p>\n\n\n\n<p><a href=\"https:\/\/pubmed.ncbi.nlm.nih.gov\/32029743\/\">https:\/\/pubmed.ncbi.nlm.nih.gov\/32029743\/<\/a><\/p>\n\n\n\n<p><a href=\"https:\/\/medlineplus.gov\/genetics\/condition\/down-syndrome\/#description\">https:\/\/medlineplus.gov\/genetics\/condition\/down-syndrome\/#description<\/a><\/p>\n\n\n\n<p><a href=\"https:\/\/sockschallenge.com\">https:\/\/sockschallenge.com<\/a><\/p>\n\n\n\n<p><a href=\"https:\/\/www.foxnews.com\/lifestyle\/world-down-syndrome-day-sock-tradition\">https:\/\/www.foxnews.com\/lifestyle\/world-down-syndrome-day-sock-tradition<\/a><\/p>\n\n\n\n<p><a href=\"https:\/\/www.awarenessdays.com\/awareness-days-calendar\/world-down-syndrome-day-2023\/\">https:\/\/www.awarenessdays.com\/awareness-days-calendar\/world-down-syndrome-day-2023\/<\/a><\/p>\n","protected":false},"excerpt":{"rendered":"<p>&#8220;Meid\u00e4n&nbsp;kanssamme, ei meit\u00e4&nbsp;varten&#8221;&nbsp; Downin&nbsp;syndroomasta&nbsp; Downin&nbsp;oireyhtym\u00e4&nbsp;eli trisomia 21 on tila, jossa&nbsp;ihmisell\u00e4&nbsp;on ylim\u00e4\u00e4r\u00e4inen&nbsp;21. kromosomi&nbsp;jokaisessa&nbsp;kehon&nbsp;solussa.&nbsp; Hyvin&nbsp;pienell\u00e4&nbsp;osalla&nbsp;Downin&nbsp;oireyhtym\u00e4\u00e4&nbsp;sairastavista&nbsp;henkil\u00f6ist\u00e4&nbsp;on ylim\u00e4\u00e4r\u00e4inen&nbsp;kopio&nbsp;kromosomi&nbsp;21:st\u00e4&nbsp;vain&nbsp;rajatusti&nbsp;osassa&nbsp;kehon&nbsp;soluja,&nbsp;t\u00e4t\u00e4&nbsp;tilaa&nbsp;kutsutaan&nbsp;mosaikismiksi.&nbsp;&nbsp; Noin&nbsp;1 vauvalla&nbsp;700\/800:sta,&nbsp;on synnyn\u00e4isesti&nbsp;Downin&nbsp;oireyhtym\u00e4.&nbsp;Se esiintyy&nbsp;orgaanisesti&nbsp;eik\u00e4&nbsp;sille&nbsp;ole l\u00f6ydetty&nbsp;tunnettua&nbsp;syyt\u00e4, vaan&nbsp;sen ilmestyminen&nbsp;on satunnaista.&nbsp;Vaikka&nbsp;kaikenik\u00e4iset&nbsp;naiset&nbsp;voivat&nbsp;saada&nbsp;Downin&nbsp;syndrooma-lapsen, yksi&nbsp;tekij\u00e4, jonka&nbsp;tiedet\u00e4\u00e4n&nbsp;lis\u00e4\u00e4v\u00e4n&nbsp;riski\u00e4, on \u00e4idin&nbsp;korkeampi&nbsp;ik\u00e4.&nbsp;35-vuotiaat ja&nbsp;sit\u00e4&nbsp;vanhemmat&nbsp;naiset&nbsp;saavat&nbsp;todenn\u00e4k\u00f6isemmin&nbsp;Downin&nbsp;oireyhtym\u00e4\u00e4&nbsp;sairastavan&nbsp;lapsen.&nbsp; Kromosomit&nbsp;ovat&nbsp;geenien&nbsp;ja&nbsp;tiedon&nbsp;&#8220;paketteja&#8221;, jotka&nbsp;sijaitsevat&nbsp;jokaisessa&nbsp;kehon&nbsp;solussa. Ne kantavat&nbsp;tietoa DNA:ta, joka&nbsp;ohjaa&nbsp;sit\u00e4&nbsp;milt\u00e4&nbsp;n\u00e4yt\u00e4t&nbsp;ja&nbsp;miten&nbsp;kehosi&nbsp;ja&nbsp;aivosi&nbsp;toimivat&nbsp;ja&nbsp;kehittyv\u00e4t Downin&nbsp;oireyhtym\u00e4&nbsp;aiheuttaa&nbsp;yleens\u00e4&nbsp;eriasteisia&nbsp;kognitiivisia&nbsp;ja&nbsp;fyysisi\u00e4&nbsp;haasteita&nbsp;ja&nbsp;niihin&nbsp;liittyvi\u00e4&nbsp;l\u00e4\u00e4ketieteellisi\u00e4&nbsp;ongelmia, oireet&nbsp;ovat&nbsp;erilaisia&nbsp;jokaisella&nbsp;henkil\u00f6ll\u00e4.&nbsp;&nbsp;Henkil\u00f6ill\u00e4&nbsp;joilla&nbsp;oireyhtym\u00e4&nbsp;on, haasteet&nbsp;voivat&nbsp;olla my\u00f6s&nbsp;erilaisia&nbsp;eri el\u00e4m\u00e4nvaiheissa.&nbsp;&nbsp; Downin&nbsp;oireyhtym\u00e4\u00e4&nbsp;sairastavilla&nbsp;henkil\u00f6ill\u00e4&nbsp;on usein&nbsp;tyypilliset&nbsp;kasvonpiirteet,&nbsp;johon&nbsp;kuuluu&nbsp;kasvojen&nbsp;litteys, yl\u00f6sp\u00e4in&nbsp;suuntautuvat&nbsp;silm\u00e4kulmat&nbsp;(yl\u00f6sp\u00e4in&nbsp;suuntautuvat&nbsp;silm\u00e4nhalkiot, pienet&nbsp;korvat, lyhyt&nbsp;kaula&nbsp;ja&nbsp;suusta&nbsp;ulos&nbsp;ty\u00f6ntyv\u00e4&nbsp;kieli. Monilla&nbsp;on pienet&nbsp;k\u00e4det&nbsp;ja&nbsp;jalat&nbsp;ja&nbsp;k\u00e4mmenten&nbsp;poikki&nbsp;on yksi&nbsp;poimu. Noin&nbsp;puolet&nbsp;sairastuneista&nbsp;lapsista&nbsp;syntyy&nbsp;syd\u00e4nvian&nbsp;kanssa.&nbsp; Heid\u00e4n&nbsp;puheensa&nbsp;ja&nbsp;kielens\u00e4&nbsp;kehittyy&nbsp;my\u00f6hemmin&nbsp;ja&nbsp;hitaammin&nbsp;kuin&nbsp;lapsilla, joilla&nbsp;ei ole Downin&nbsp;oireyhtym\u00e4\u00e4. Lis\u00e4ksi&nbsp;puhetta&nbsp;voi olla my\u00f6s&nbsp;vaikea&nbsp;ymm\u00e4rt\u00e4\u00e4.&nbsp; K\u00e4ytt\u00e4ytymiseen&nbsp;liittyviin&nbsp;haasteisiin&nbsp;voi &hellip; <\/p>\n<p class=\"link-more\"><a href=\"https:\/\/www.soteekki.fi\/blogi\/downin-syndrooma-paiva-21-maaliskuuta-2023\/\" class=\"more-link\">Continue reading<span class=\"screen-reader-text\"> &#8220;Downin\u00a0syndrooma\u00a0p\u00e4iv\u00e4- 21. maaliskuuta\u00a02023\u00a0&#8220;<\/span><\/a><\/p>\n","protected":false},"author":3,"featured_media":0,"comment_status":"open","ping_status":"open","sticky":false,"template":"","format":"standard","meta":{"footnotes":""},"categories":[41,39,11],"tags":[],"class_list":["post-604","post","type-post","status-publish","format-standard","hentry","category-sairaudet-terveys","category-juhlapaivat-juhlaviikot","category-yleinen-fi"],"_links":{"self":[{"href":"https:\/\/www.soteekki.fi\/blogi\/wp-json\/wp\/v2\/posts\/604","targetHints":{"allow":["GET"]}}],"collection":[{"href":"https:\/\/www.soteekki.fi\/blogi\/wp-json\/wp\/v2\/posts"}],"about":[{"href":"https:\/\/www.soteekki.fi\/blogi\/wp-json\/wp\/v2\/types\/post"}],"author":[{"embeddable":true,"href":"https:\/\/www.soteekki.fi\/blogi\/wp-json\/wp\/v2\/users\/3"}],"replies":[{"embeddable":true,"href":"https:\/\/www.soteekki.fi\/blogi\/wp-json\/wp\/v2\/comments?post=604"}],"version-history":[{"count":5,"href":"https:\/\/www.soteekki.fi\/blogi\/wp-json\/wp\/v2\/posts\/604\/revisions"}],"predecessor-version":[{"id":656,"href":"https:\/\/www.soteekki.fi\/blogi\/wp-json\/wp\/v2\/posts\/604\/revisions\/656"}],"wp:attachment":[{"href":"https:\/\/www.soteekki.fi\/blogi\/wp-json\/wp\/v2\/media?parent=604"}],"wp:term":[{"taxonomy":"category","embeddable":true,"href":"https:\/\/www.soteekki.fi\/blogi\/wp-json\/wp\/v2\/categories?post=604"},{"taxonomy":"post_tag","embeddable":true,"href":"https:\/\/www.soteekki.fi\/blogi\/wp-json\/wp\/v2\/tags?post=604"}],"curies":[{"name":"wp","href":"https:\/\/api.w.org\/{rel}","templated":true}]}}