{"id":702,"date":"2023-12-05T12:40:28","date_gmt":"2023-12-05T10:40:28","guid":{"rendered":"https:\/\/soteekki.fi\/blogi\/?p=702"},"modified":"2023-12-07T11:34:42","modified_gmt":"2023-12-07T09:34:42","slug":"itsenaisyyspaiva-6-12","status":"publish","type":"post","link":"https:\/\/www.soteekki.fi\/blogi\/itsenaisyyspaiva-6-12\/","title":{"rendered":"Itsen\u00e4isyysp\u00e4iv\u00e4 6.12"},"content":{"rendered":"\n<figure class=\"wp-block-image size-large\"><img loading=\"lazy\" decoding=\"async\" width=\"1024\" height=\"349\" src=\"https:\/\/www.soteekki.fi\/blogi\/wp-content\/uploads\/2023\/12\/lippu-1024x349.webp\" alt=\"\" class=\"wp-image-703\"\/><\/figure>\n\n\n\n<p><strong>Mik\u00e4 on itsen\u00e4isyysp\u00e4iv\u00e4?<\/strong><\/p>\n\n\n\n<p>Itsen\u00e4isyysp\u00e4iv\u00e4\u00e4 juhlitaan Suomessa 1917 tapahtuneen itsen\u00e4istymisen kunniaksi. Suomi on kuulunut Ruotsin vallan alle ja liittyi osaksi Ven\u00e4j\u00e4n valtakuntaa vuonna 1809. Kun marraskuussa 1917 Ven\u00e4j\u00e4ll\u00e4 tapahtui vallankaappaus, Suomen itsen\u00e4istyminen alkoi edet\u00e4. Suomen itsen\u00e4isyysjulistus hyv\u00e4ksyttiin eduskunnassa 1917. Itsen\u00e4isyysp\u00e4iv\u00e4 on taustaltaan vakavamielinen lippujuhla, joka liittyy sodan ja sodassa kaatuneiden muistelemiseen. Itsen\u00e4isyysp\u00e4iv\u00e4\u00e4 vietet\u00e4\u00e4n siis 6.12. vuosittain, joka on pyh\u00e4p\u00e4iv\u00e4, jota vietet\u00e4\u00e4n valtakunnallisesti palkallisena vapaap\u00e4iv\u00e4n\u00e4. Vuonna 2023 itsen\u00e4inen Suomi t\u00e4ytt\u00e4\u00e4 106 vuotta.<\/p>\n\n\n\n<p><strong>Miten itsen\u00e4isyysp\u00e4iv\u00e4\u00e4 juhlitaan?<\/strong><\/p>\n\n\n\n<p>Suomen ensimm\u00e4isen presidentin ajoista alkaen perinteen\u00e4 on ollut tasavallan presidentin itsen\u00e4isyysp\u00e4iv\u00e4n vastaanotto eli puhekieless\u00e4 Linnan juhlat, Suomen puolustusvoimien paraati sek\u00e4 soihtukulkueet, kuten partiolaisten ja ylioppilaiden kulkue. Muihin itsen\u00e4isyysp\u00e4iv\u00e4n perinteisiin kuuluu itsen\u00e4isyysp\u00e4iv\u00e4n juhlajumalanpalvelus, itsen\u00e4isyysp\u00e4iv\u00e4n lipunnosto T\u00e4htitorninm\u00e4ell\u00e4, lasten itsen\u00e4isyysp\u00e4iv\u00e4n juhla, Tuntematon sotilas -elokuvan esitt\u00e4minen, sankarihaudoilla ett\u00e4 hautausmaalla vierailu sek\u00e4 kahden kynttil\u00e4n sytytt\u00e4minen. Musiikin osalta olennaisina itsen\u00e4isyysp\u00e4iv\u00e4\u00e4n kuuluu Maamme-laulu, Porilaisten marssi, Finlandia-hymni ja Veteraanien iltahuuto.<\/p>\n\n\n\n<p><strong>Satakunnan alueen itsen\u00e4isyysp\u00e4iv\u00e4n juhlallisuudet:<\/strong><\/p>\n\n\n\n<p><strong>Pori<\/strong><\/p>\n\n\n\n<ul class=\"wp-block-list\">\n<li>5.12. Is\u00e4nmaallinen konsertti klo 18\u201319.30, Keski-Porin kirkko<\/li>\n\n\n\n<li>6.12. J\u00e4\u00e4show, klo 12\u201314, Enersense Areena<\/li>\n\n\n\n<li>6.12. Itsen\u00e4isyysp\u00e4iv\u00e4n juhla, klo 13\u201315, Promenadisali<\/li>\n<\/ul>\n\n\n\n<p><strong>Kankaanp\u00e4\u00e4<\/strong><\/p>\n\n\n\n<ul class=\"wp-block-list\">\n<li>6.12 Itsen\u00e4isyysp\u00e4iv\u00e4n juhla, klo 10\u201314, Kankaanp\u00e4\u00e4n kirkko, Kankaanp\u00e4\u00e4sali<\/li>\n<\/ul>\n\n\n\n<p><strong>Nakkila<\/strong><\/p>\n\n\n\n<ul class=\"wp-block-list\">\n<li>6.12. Itsen\u00e4isyysp\u00e4iv\u00e4n juhlakonsertti, klo 10\u201312.30, Nakkilan kirkko<\/li>\n<\/ul>\n\n\n\n<p><strong>Harjavalta<\/strong><\/p>\n\n\n\n<ul class=\"wp-block-list\">\n<li>6.12. Itsen\u00e4isyysp\u00e4iv\u00e4n juhla, klo 10\u201313.45, Harjavallan kirkko, Harjavalta-Sali<\/li>\n<\/ul>\n\n\n\n<p><strong>Mit\u00e4 itsen\u00e4inen Suomi tarkoittaa Soteekkilaisille?<\/strong><\/p>\n\n\n\n<p>Itsen\u00e4inen Suomi tarkoittaa meille vapautta, ylpeytt\u00e4 omasta maastamme, oman kielen ja kulttuurin omaamista. Turvallisuutta k\u00e4vell\u00e4 ulkona. Valinnanvapautta, demokratiaa. Saamme olla oma maamme ja ei tarvitse olla kenenk\u00e4\u00e4n muun maan vallassa. Mutta tietysti my\u00f6s palkallista vapaap\u00e4iv\u00e4\u00e4 tai tuplapalkallista ty\u00f6p\u00e4iv\u00e4\u00e4.<\/p>\n\n\n\n<p><\/p>\n\n\n\n<p><a href=\"https:\/\/www.paivyri.fi\/info\/liputuspaiva\/suomen-itsenaisyyspaiva\/#itsenaisyyspaiva-tahtitorninmaella\" data-type=\"link\" data-id=\"https:\/\/www.paivyri.fi\/info\/liputuspaiva\/suomen-itsenaisyyspaiva\/#itsenaisyyspaiva-tahtitorninmaella\">https:\/\/www.paivyri.fi\/info\/liputuspaiva\/suomen-itsenaisyyspaiva\/#itsenaisyyspaiva-tahtitorninmaella<\/a><\/p>\n\n\n\n<p><a href=\"https:\/\/finlandabroad.fi\/web\/grc\/ajankohtaista\/-\/asset_publisher\/TV8iYvdcF3tq\/content\/suomen-tasavallan-itsenaisyyspaiva\/384951\" data-type=\"link\" data-id=\"https:\/\/finlandabroad.fi\/web\/grc\/ajankohtaista\/-\/asset_publisher\/TV8iYvdcF3tq\/content\/suomen-tasavallan-itsenaisyyspaiva\/384951\">https:\/\/finlandabroad.fi\/web\/grc\/ajankohtaista\/-\/asset_publisher\/TV8iYvdcF3tq\/content\/suomen-tasavallan-itsenaisyyspaiva\/384951<\/a><\/p>\n\n\n\n<p><a href=\"https:\/\/www.xn--liputuspivt-s8ac.fi\/suomen-itsenaisyyspaiva\/\" data-type=\"link\" data-id=\"https:\/\/www.xn--liputuspivt-s8ac.fi\/suomen-itsenaisyyspaiva\/\">https:\/\/www.xn--liputuspivt-s8ac.fi\/suomen-itsenaisyyspaiva\/<\/a><\/p>\n\n\n\n<p><a href=\"https:\/\/um.fi\/suomen-itsenaistyminen\" data-type=\"link\" data-id=\"https:\/\/um.fi\/suomen-itsenaistyminen\">https:\/\/um.fi\/suomen-itsenaistyminen<\/a><\/p>\n\n\n\n<p><\/p>\n\n\n\n<p>Kirjoittajat: Hagmann Anna ja Kaisla Vilma<\/p>\n","protected":false},"excerpt":{"rendered":"<p>Mik\u00e4 on itsen\u00e4isyysp\u00e4iv\u00e4? Itsen\u00e4isyysp\u00e4iv\u00e4\u00e4 juhlitaan Suomessa 1917 tapahtuneen itsen\u00e4istymisen kunniaksi. Suomi on kuulunut Ruotsin vallan alle ja liittyi osaksi Ven\u00e4j\u00e4n valtakuntaa vuonna 1809. Kun marraskuussa 1917 Ven\u00e4j\u00e4ll\u00e4 tapahtui vallankaappaus, Suomen itsen\u00e4istyminen alkoi edet\u00e4. Suomen itsen\u00e4isyysjulistus hyv\u00e4ksyttiin eduskunnassa 1917. Itsen\u00e4isyysp\u00e4iv\u00e4 on taustaltaan vakavamielinen lippujuhla, joka liittyy sodan ja sodassa kaatuneiden muistelemiseen. Itsen\u00e4isyysp\u00e4iv\u00e4\u00e4 vietet\u00e4\u00e4n siis 6.12. vuosittain, &hellip; <\/p>\n<p class=\"link-more\"><a href=\"https:\/\/www.soteekki.fi\/blogi\/itsenaisyyspaiva-6-12\/\" class=\"more-link\">Continue reading<span class=\"screen-reader-text\"> &#8220;Itsen\u00e4isyysp\u00e4iv\u00e4 6.12&#8221;<\/span><\/a><\/p>\n","protected":false},"author":3,"featured_media":0,"comment_status":"open","ping_status":"open","sticky":false,"template":"","format":"standard","meta":{"footnotes":""},"categories":[39,11],"tags":[60],"class_list":["post-702","post","type-post","status-publish","format-standard","hentry","category-juhlapaivat-juhlaviikot","category-yleinen-fi","tag-itsenaisyyspaiva"],"_links":{"self":[{"href":"https:\/\/www.soteekki.fi\/blogi\/wp-json\/wp\/v2\/posts\/702","targetHints":{"allow":["GET"]}}],"collection":[{"href":"https:\/\/www.soteekki.fi\/blogi\/wp-json\/wp\/v2\/posts"}],"about":[{"href":"https:\/\/www.soteekki.fi\/blogi\/wp-json\/wp\/v2\/types\/post"}],"author":[{"embeddable":true,"href":"https:\/\/www.soteekki.fi\/blogi\/wp-json\/wp\/v2\/users\/3"}],"replies":[{"embeddable":true,"href":"https:\/\/www.soteekki.fi\/blogi\/wp-json\/wp\/v2\/comments?post=702"}],"version-history":[{"count":2,"href":"https:\/\/www.soteekki.fi\/blogi\/wp-json\/wp\/v2\/posts\/702\/revisions"}],"predecessor-version":[{"id":707,"href":"https:\/\/www.soteekki.fi\/blogi\/wp-json\/wp\/v2\/posts\/702\/revisions\/707"}],"wp:attachment":[{"href":"https:\/\/www.soteekki.fi\/blogi\/wp-json\/wp\/v2\/media?parent=702"}],"wp:term":[{"taxonomy":"category","embeddable":true,"href":"https:\/\/www.soteekki.fi\/blogi\/wp-json\/wp\/v2\/categories?post=702"},{"taxonomy":"post_tag","embeddable":true,"href":"https:\/\/www.soteekki.fi\/blogi\/wp-json\/wp\/v2\/tags?post=702"}],"curies":[{"name":"wp","href":"https:\/\/api.w.org\/{rel}","templated":true}]}}