{"id":722,"date":"2023-12-15T12:29:54","date_gmt":"2023-12-15T10:29:54","guid":{"rendered":"https:\/\/soteekki.fi\/blogi\/?p=722"},"modified":"2023-12-15T12:29:54","modified_gmt":"2023-12-15T10:29:54","slug":"joulunihme-ukrainaan","status":"publish","type":"post","link":"https:\/\/www.soteekki.fi\/blogi\/joulunihme-ukrainaan\/","title":{"rendered":"Joulunihme Ukrainaan"},"content":{"rendered":"\n<figure class=\"wp-block-image size-large\"><img loading=\"lazy\" decoding=\"async\" width=\"1024\" height=\"890\" src=\"https:\/\/www.soteekki.fi\/blogi\/wp-content\/uploads\/2023\/12\/Picture-Ukraine-1024x890.jpg\" alt=\"\" class=\"wp-image-717\" srcset=\"https:\/\/www.soteekki.fi\/blogi\/wp-content\/uploads\/2023\/12\/Picture-Ukraine-1024x890.jpg 1024w, https:\/\/www.soteekki.fi\/blogi\/wp-content\/uploads\/2023\/12\/Picture-Ukraine-300x261.jpg 300w, https:\/\/www.soteekki.fi\/blogi\/wp-content\/uploads\/2023\/12\/Picture-Ukraine-768x667.jpg 768w, https:\/\/www.soteekki.fi\/blogi\/wp-content\/uploads\/2023\/12\/Picture-Ukraine-1536x1334.jpg 1536w, https:\/\/www.soteekki.fi\/blogi\/wp-content\/uploads\/2023\/12\/Picture-Ukraine.jpg 1600w\" sizes=\"auto, (max-width: 767px) 89vw, (max-width: 1000px) 54vw, (max-width: 1071px) 543px, 580px\" \/><\/figure>\n\n\n\n<p><strong>Mist\u00e4 t\u00e4ss\u00e4 tapahtumassa oli kyse?<\/strong><\/p>\n\n\n\n<p>Marraskuun lopussa osa Soteekin opiskelijoista osallistui joululahjatoimintaan. Tapahtuman j\u00e4rjesti Ohjaamo yhteisty\u00f6ss\u00e4 Diakonia-ammattikorkeakoulun kanssa. Ideana oli, ett\u00e4 l\u00e4hetet\u00e4\u00e4n joululahjoja Ukrainan lapsille. Porin ja l\u00e4hiseutujen ihmiset saivat tuoda lahjoja, ja me vapaaehtoiset kokosimme paketit kasaan ja paketoimme ne. Tapahtuma kesti kokonaisuudessaan viikon, mutta t\u00e4ss\u00e4 ei ole mukana kaikkia valmisteluita, joita j\u00e4rjest\u00e4j\u00e4t ovat tehneet etuk\u00e4teen. Maanantain ja tiistain aikana ihmiset saivat tuoda lahjansa ja n\u00e4iden p\u00e4ivien sek\u00e4 torstain aikana kaikki lahjat paketoitiin. Perjantaina paketit l\u00e4hetettiin Ukrainaan.<\/p>\n\n\n\n<p><strong>Mit\u00e4 Soteekin opiskelijat tekiv\u00e4t siell\u00e4?<\/strong><\/p>\n\n\n\n<p>Soteekin opiskelijoille tarjottiin mahdollisuus ty\u00f6skennell\u00e4 viikon ajan t\u00e4m\u00e4n projektin parissa, ker\u00e4ten ty\u00f6tunteja ja saaden todistus. Olimme siell\u00e4 avustamassa lahjojen vastaanottamisessa ja paketoinnissa. Pakkasimme my\u00f6s paketit laatikoihin, jotta ne voisi kuljettaa turvallisesti.<\/p>\n\n\n\n<p><strong>Mit\u00e4 mielt\u00e4 oppilaat ovat tapahtumasta?<\/strong><\/p>\n\n\n\n<p>Tapahtuma oli eritt\u00e4in hieno kokemus. Monet ihmiset lahjoittivat lahjoja, etenkin k\u00e4sin tehtyj\u00e4 villasukkia. Oli syd\u00e4nt\u00e4 l\u00e4mmitt\u00e4v\u00e4\u00e4 tavata ihmisi\u00e4, jotka juuri k\u00e4yttiv\u00e4t rahansa lapsille, joita eiv\u00e4t tunne ja joilta he eiv\u00e4t saa mit\u00e4\u00e4n reaktiota tai henkil\u00f6kohtaista kiitosta. Lahjojen paketoiminen oli joskus hyvin vaikeaa, sill\u00e4 mukana oli my\u00f6s nalleja tai lelutraktoreita. Meill\u00e4 oli hauskaa, ja paketointi taitoa oli hyv\u00e4 harjoitella n\u00e4in joulun l\u00e4hestyess\u00e4.<\/p>\n\n\n\n<p><strong>Mit\u00e4 lahjoille nyt tapahtuu?<\/strong><\/p>\n\n\n\n<p>Lahjat l\u00e4hetettiin Ukrainaan, ja ne saapuivat sinne joulukuun alussa. Fida International jakoi lahjat rintamalla el\u00e4ville lapsille ja orvoille. Lis\u00e4tietoja lahjojen matkasta l\u00f6yd\u00e4t \u201dUkrainan Kansalle\u201d -otsikon alta internetist\u00e4 ja Instagramista.<\/p>\n\n\n\n<p><a href=\"https:\/\/ukrainankansalle.fi\/\" data-type=\"link\" data-id=\"https:\/\/ukrainankansalle.fi\/\">https:\/\/ukrainankansalle.fi\/<\/a><\/p>\n\n\n\n<p><a href=\"https:\/\/www.pori.fi\/uutinen\/etusivun-uutiset\/ohjaamo-porin-ja-diakonia-ammattikorkeakoulun-monikulttuurinen-ohjaustyo-ohjaamossa-hankkeen-christmas-miracle-to-ukraine-joululahjakerays-onnistui-yli-odotusten\/24\/11\/2023\/\" data-type=\"link\" data-id=\"https:\/\/www.pori.fi\/uutinen\/etusivun-uutiset\/ohjaamo-porin-ja-diakonia-ammattikorkeakoulun-monikulttuurinen-ohjaustyo-ohjaamossa-hankkeen-christmas-miracle-to-ukraine-joululahjakerays-onnistui-yli-odotusten\/24\/11\/2023\/\">https:\/\/www.pori.fi\/uutinen\/etusivun-uutiset\/ohjaamo-porin-ja-diakonia-ammattikorkeakoulun-monikulttuurinen-ohjaustyo-ohjaamossa-hankkeen-christmas-miracle-to-ukraine-joululahjakerays-onnistui-yli-odotusten\/24\/11\/2023\/<\/a><\/p>\n\n\n\n<p><a href=\"https:\/\/www.diak.fi\/hakeminen\/?gclid=EAIaIQobChMIp9SZ2rb_ggMVDQCiAx2iygGIEAAYASAAEgJSZfD_BwE\" data-type=\"link\" data-id=\"https:\/\/www.diak.fi\/hakeminen\/?gclid=EAIaIQobChMIp9SZ2rb_ggMVDQCiAx2iygGIEAAYASAAEgJSZfD_BwE\">https:\/\/www.diak.fi\/hakeminen\/?gclid=EAIaIQobChMIp9SZ2rb_ggMVDQCiAx2iygGIEAAYASAAEgJSZfD_BwE<\/a><\/p>\n\n\n\n<p><a href=\"https:\/\/ohjaamot.fi\/?utm_source=GoogleAds&amp;utm_medium=search&amp;utm_campaign=ohjaamoviikko23&amp;gclid=EAIaIQobChMIv5-lz7b_ggMVNReiAx2k-gcaEAAYASAAEgKVnPD_BwE\" data-type=\"link\" data-id=\"https:\/\/ohjaamot.fi\/?utm_source=GoogleAds&amp;utm_medium=search&amp;utm_campaign=ohjaamoviikko23&amp;gclid=EAIaIQobChMIv5-lz7b_ggMVNReiAx2k-gcaEAAYASAAEgKVnPD_BwE\">https:\/\/ohjaamot.fi\/?utm_source=GoogleAds&amp;utm_medium=search&amp;utm_campaign=ohjaamoviikko23&amp;gclid=EAIaIQobChMIv5-lz7b_ggMVNReiAx2k-gcaEAAYASAAEgKVnPD_BwE<\/a><\/p>\n\n\n\n<p><a href=\"https:\/\/www.instagram.com\/ohjaamo_pori\/\" data-type=\"link\" data-id=\"https:\/\/www.instagram.com\/ohjaamo_pori\/\">https:\/\/www.instagram.com\/ohjaamo_pori\/<\/a><\/p>\n\n\n\n<p>Kuva: sunfish.photography<\/p>\n\n\n\n<p>#christmaspresentstoukraine<\/p>\n\n\n\n<p>Kirjoittajat: Anna Hagmann, Vilma Kaisla ja Jemina Nurminen<\/p>\n\n\n\n<p><\/p>\n","protected":false},"excerpt":{"rendered":"<p>Mist\u00e4 t\u00e4ss\u00e4 tapahtumassa oli kyse? Marraskuun lopussa osa Soteekin opiskelijoista osallistui joululahjatoimintaan. Tapahtuman j\u00e4rjesti Ohjaamo yhteisty\u00f6ss\u00e4 Diakonia-ammattikorkeakoulun kanssa. Ideana oli, ett\u00e4 l\u00e4hetet\u00e4\u00e4n joululahjoja Ukrainan lapsille. Porin ja l\u00e4hiseutujen ihmiset saivat tuoda lahjoja, ja me vapaaehtoiset kokosimme paketit kasaan ja paketoimme ne. Tapahtuma kesti kokonaisuudessaan viikon, mutta t\u00e4ss\u00e4 ei ole mukana kaikkia valmisteluita, joita j\u00e4rjest\u00e4j\u00e4t ovat &hellip; <\/p>\n<p class=\"link-more\"><a href=\"https:\/\/www.soteekki.fi\/blogi\/joulunihme-ukrainaan\/\" class=\"more-link\">Continue reading<span class=\"screen-reader-text\"> &#8220;Joulunihme Ukrainaan&#8221;<\/span><\/a><\/p>\n","protected":false},"author":3,"featured_media":0,"comment_status":"open","ping_status":"open","sticky":false,"template":"","format":"standard","meta":{"footnotes":""},"categories":[11],"tags":[],"class_list":["post-722","post","type-post","status-publish","format-standard","hentry","category-yleinen-fi"],"_links":{"self":[{"href":"https:\/\/www.soteekki.fi\/blogi\/wp-json\/wp\/v2\/posts\/722","targetHints":{"allow":["GET"]}}],"collection":[{"href":"https:\/\/www.soteekki.fi\/blogi\/wp-json\/wp\/v2\/posts"}],"about":[{"href":"https:\/\/www.soteekki.fi\/blogi\/wp-json\/wp\/v2\/types\/post"}],"author":[{"embeddable":true,"href":"https:\/\/www.soteekki.fi\/blogi\/wp-json\/wp\/v2\/users\/3"}],"replies":[{"embeddable":true,"href":"https:\/\/www.soteekki.fi\/blogi\/wp-json\/wp\/v2\/comments?post=722"}],"version-history":[{"count":1,"href":"https:\/\/www.soteekki.fi\/blogi\/wp-json\/wp\/v2\/posts\/722\/revisions"}],"predecessor-version":[{"id":723,"href":"https:\/\/www.soteekki.fi\/blogi\/wp-json\/wp\/v2\/posts\/722\/revisions\/723"}],"wp:attachment":[{"href":"https:\/\/www.soteekki.fi\/blogi\/wp-json\/wp\/v2\/media?parent=722"}],"wp:term":[{"taxonomy":"category","embeddable":true,"href":"https:\/\/www.soteekki.fi\/blogi\/wp-json\/wp\/v2\/categories?post=722"},{"taxonomy":"post_tag","embeddable":true,"href":"https:\/\/www.soteekki.fi\/blogi\/wp-json\/wp\/v2\/tags?post=722"}],"curies":[{"name":"wp","href":"https:\/\/api.w.org\/{rel}","templated":true}]}}