{"id":742,"date":"2024-04-23T12:53:49","date_gmt":"2024-04-23T09:53:49","guid":{"rendered":"https:\/\/soteekki.fi\/blogi\/?p=742"},"modified":"2024-04-23T12:53:50","modified_gmt":"2024-04-23T09:53:50","slug":"blogisarja-fitnessta-ja-fysioterapiaa","status":"publish","type":"post","link":"https:\/\/www.soteekki.fi\/blogi\/blogisarja-fitnessta-ja-fysioterapiaa\/","title":{"rendered":"Blogisarja: fitnesst\u00e4 ja fysioterapiaa"},"content":{"rendered":"\n<p><strong>Voimistelijasta fitnessurheilijaksi<\/strong><\/p>\n\n\n\n<p>Olen Sarianna Virtanen, 23-vuotias nuori nainen. T\u00e4ll\u00e4 hetkell\u00e4 asustelen Porissa, mutta olen kotoisin pienest\u00e4 kyl\u00e4st\u00e4 Kanta-H\u00e4meen alueelta. Opiskelen toista vuotta fysioterapiaa Satakunnan ammattikorkeakoulussa Porissa. Juuri t\u00e4ll\u00e4 hetkell\u00e4 olen ty\u00f6harjoittelussa Palvelukeskus Soteekissa yhteens\u00e4 seitsem\u00e4n viikon ajan.<\/p>\n\n\n\n<p>Nuorempana olen harrastanut joukkuevoimistelua yhteens\u00e4 14-vuotta niin SM-tasolla kuin my\u00f6s kilpatasolla Forssan voimistelijoissa ja Turun Pyrkiv\u00e4ss\u00e4. Jo nuoresta pit\u00e4en urheilu on ollut suuri intohimoni ja t\u00e4m\u00e4 n\u00e4kyykin sek\u00e4 harrastuksissani ett\u00e4 opiskelu-uran valinnassa ja tulevaisuuden ty\u00f6haaveissani.<\/p>\n\n\n\n<div class=\"wp-block-group\"><div class=\"wp-block-group__inner-container is-layout-constrained wp-block-group-is-layout-constrained\">\n<div class=\"wp-block-columns is-layout-flex wp-container-core-columns-is-layout-9d6595d7 wp-block-columns-is-layout-flex\">\n<div class=\"wp-block-column is-layout-flow wp-block-column-is-layout-flow\">\n<figure class=\"wp-block-image size-full is-resized\"><img loading=\"lazy\" decoding=\"async\" width=\"356\" height=\"559\" src=\"https:\/\/www.soteekki.fi\/blogi\/wp-content\/uploads\/2024\/04\/blogi1-2.jpg\" alt=\"\" class=\"wp-image-749\" style=\"width:211px;height:auto\" srcset=\"https:\/\/www.soteekki.fi\/blogi\/wp-content\/uploads\/2024\/04\/blogi1-2.jpg 356w, https:\/\/www.soteekki.fi\/blogi\/wp-content\/uploads\/2024\/04\/blogi1-2-191x300.jpg 191w\" sizes=\"auto, (max-width: 356px) 100vw, 356px\" \/><\/figure>\n<\/div>\n\n\n\n<div class=\"wp-block-column is-layout-flow wp-block-column-is-layout-flow\">\n<figure class=\"wp-block-image size-full is-resized\"><img loading=\"lazy\" decoding=\"async\" width=\"561\" height=\"561\" src=\"https:\/\/www.soteekki.fi\/blogi\/wp-content\/uploads\/2024\/04\/blogi2-1.jpg\" alt=\"\" class=\"wp-image-750\" style=\"width:203px;height:auto\" srcset=\"https:\/\/www.soteekki.fi\/blogi\/wp-content\/uploads\/2024\/04\/blogi2-1.jpg 561w, https:\/\/www.soteekki.fi\/blogi\/wp-content\/uploads\/2024\/04\/blogi2-1-300x300.jpg 300w, https:\/\/www.soteekki.fi\/blogi\/wp-content\/uploads\/2024\/04\/blogi2-1-150x150.jpg 150w, https:\/\/www.soteekki.fi\/blogi\/wp-content\/uploads\/2024\/04\/blogi2-1-100x100.jpg 100w\" sizes=\"auto, (max-width: 561px) 100vw, 561px\" \/><\/figure>\n<\/div>\n\n\n\n<div class=\"wp-block-column is-layout-flow wp-block-column-is-layout-flow\">\n<figure class=\"wp-block-image size-full is-resized\"><img loading=\"lazy\" decoding=\"async\" width=\"311\" height=\"570\" src=\"https:\/\/www.soteekki.fi\/blogi\/wp-content\/uploads\/2024\/04\/blogi3-1.jpg\" alt=\"\" class=\"wp-image-751\" style=\"width:187px;height:auto\" srcset=\"https:\/\/www.soteekki.fi\/blogi\/wp-content\/uploads\/2024\/04\/blogi3-1.jpg 311w, https:\/\/www.soteekki.fi\/blogi\/wp-content\/uploads\/2024\/04\/blogi3-1-164x300.jpg 164w\" sizes=\"auto, (max-width: 311px) 100vw, 311px\" \/><\/figure>\n<\/div>\n<\/div>\n<\/div><\/div>\n\n\n\n<p>Lopetettuani kilpailemisen joukkuevoimistelussa kev\u00e4\u00e4ll\u00e4 2017, jatkoin parin vuoden ajan h\u00f6nts\u00e4ily\u00e4 yhdess\u00e4 joukkueeni kanssa. Joukkuevoimistelijoiden v\u00e4h\u00e4isest\u00e4 m\u00e4\u00e4r\u00e4st\u00e4 johtuen joukkuetta ei en\u00e4\u00e4 pystytty pit\u00e4m\u00e4\u00e4n kasassa. Voimistelun j\u00e4lkeen jatkoin urheilua tekem\u00e4ll\u00e4 kotitreenej\u00e4 sek\u00e4 k\u00e4vin kokeilemassa kuntosalilla. Ja niinh\u00e4n siin\u00e4 sitten k\u00e4vi, ett\u00e4 hurahdin kuntosaliharjoitteluun. Parin vuoden s\u00e4\u00e4nn\u00f6llisen treenaamisen j\u00e4lkeen halusin treenaamiselleni jonkun p\u00e4\u00e4m\u00e4\u00e4r\u00e4n ja haaveenani oli p\u00e4\u00e4st\u00e4 joskus yhdist\u00e4m\u00e4\u00e4n saliharjoittelu ja kilpaileminen. Nyky\u00e4\u00e4n urheilulajini onkin vaihtunut voimistelusta fitnekseen. T\u00e4ll\u00e4 hetkell\u00e4 treenaan kohti bikini fitneksen SM-kisoja. Nyt katson, mit\u00e4 kaikkea fitness voi tarjota minulle ja pystynk\u00f6 menestym\u00e4\u00e4n ja saavuttamaan haaveitani lajin parissa. Vai vaihtuuko lajini kenties viel\u00e4 tulevaisuudessa?<\/p>\n\n\n\n<div class=\"wp-block-columns is-layout-flex wp-container-core-columns-is-layout-9d6595d7 wp-block-columns-is-layout-flex\">\n<div class=\"wp-block-column is-layout-flow wp-block-column-is-layout-flow\">\n<figure class=\"wp-block-image size-full is-resized\"><img loading=\"lazy\" decoding=\"async\" width=\"397\" height=\"609\" src=\"https:\/\/www.soteekki.fi\/blogi\/wp-content\/uploads\/2024\/04\/blogi4-2.jpg\" alt=\"\" class=\"wp-image-755\" style=\"width:279px;height:auto\" srcset=\"https:\/\/www.soteekki.fi\/blogi\/wp-content\/uploads\/2024\/04\/blogi4-2.jpg 397w, https:\/\/www.soteekki.fi\/blogi\/wp-content\/uploads\/2024\/04\/blogi4-2-196x300.jpg 196w\" sizes=\"auto, (max-width: 397px) 100vw, 397px\" \/><\/figure>\n<\/div>\n\n\n\n<div class=\"wp-block-column is-layout-flow wp-block-column-is-layout-flow\">\n<figure class=\"wp-block-image size-full is-resized\"><img loading=\"lazy\" decoding=\"async\" width=\"456\" height=\"608\" src=\"https:\/\/www.soteekki.fi\/blogi\/wp-content\/uploads\/2024\/04\/blogi5-2.jpg\" alt=\"\" class=\"wp-image-756\" style=\"width:320px;height:auto\" srcset=\"https:\/\/www.soteekki.fi\/blogi\/wp-content\/uploads\/2024\/04\/blogi5-2.jpg 456w, https:\/\/www.soteekki.fi\/blogi\/wp-content\/uploads\/2024\/04\/blogi5-2-225x300.jpg 225w\" sizes=\"auto, (max-width: 456px) 100vw, 456px\" \/><\/figure>\n<\/div>\n<\/div>\n\n\n\n<p>Kiinnostukseni fysioterapiaa kohtaan on syntynyt kilpaurheilutaustani my\u00f6t\u00e4. Voimistelujoukkueeni valmentaja oli ammatiltaan fysioterapeutti ja h\u00e4nen kauttaan olen saanut hyv\u00e4n kuvan fysioterapiasta alana. Olen lis\u00e4ksi kiinnostunut ty\u00f6skentelem\u00e4\u00e4n ihmisten kanssa ja auttamaan heit\u00e4 monipuolisesti. Haluankin tulevaisuudessa erikoistua urheilun puolelle ja ty\u00f6skennell\u00e4 esimerkiksi huipulla harjoittelevien voimistelijoiden kanssa.<\/p>\n\n\n\n<p>Hain opiskelemaan fysioterapiaa kahdesti ja kolmannella kerralla p\u00e4\u00e4sin sis\u00e4lle kouluun avoimen v\u00e4yl\u00e4n kautta. Haluankin osaltani lis\u00e4t\u00e4 tietoa kouluun p\u00e4\u00e4semisest\u00e4 polkuopintojen kautta. Avoimen v\u00e4yl\u00e4n opiskelijoita kohdellaan SAMK:ssa samanarvoisesti kuin tutkinto-opiskelijoita.&nbsp; Ainoastaan KELA:n antamat tuet erottivat minut tutkinto-opiskelijoista, vaikka tietysti koulukohtaisia eroja voi esiinty\u00e4.<\/p>\n\n\n\n<p>Fun fact: Mun ensimm\u00e4inen kisadieetti alkoi viime maanantaina!<\/p>\n\n\n\n<p>T\u00e4st\u00e4 alkaa kolmen fysioterapiaopiskelijan kirjoittama pieni blogisarja. Blogisarjan aiheet py\u00f6riv\u00e4t esimerkiksi fitneksen, salitreenaamisen sek\u00e4 fysioterapian opiskelun ymp\u00e4rill\u00e4.<\/p>\n\n\n\n<p><\/p>\n\n\n\n<p class=\"has-small-font-size\">Ideointi ja suunnittelu: Sarianna Virtanen, Suvi Rantala &amp; Heini Lehtiranta<\/p>\n\n\n\n<p class=\"has-small-font-size\">Haastattelu: Heini Lehtiranta &amp; Suvi Rantala<\/p>\n\n\n\n<p class=\"has-small-font-size\">Asiasis\u00e4lt\u00f6: Sarianna Virtanen<\/p>\n\n\n\n<p class=\"has-small-font-size\">Kirjoitus: Heini Lehtiranta<\/p>\n","protected":false},"excerpt":{"rendered":"<p>Voimistelijasta fitnessurheilijaksi Olen Sarianna Virtanen, 23-vuotias nuori nainen. T\u00e4ll\u00e4 hetkell\u00e4 asustelen Porissa, mutta olen kotoisin pienest\u00e4 kyl\u00e4st\u00e4 Kanta-H\u00e4meen alueelta. Opiskelen toista vuotta fysioterapiaa Satakunnan ammattikorkeakoulussa Porissa. Juuri t\u00e4ll\u00e4 hetkell\u00e4 olen ty\u00f6harjoittelussa Palvelukeskus Soteekissa yhteens\u00e4 seitsem\u00e4n viikon ajan. Nuorempana olen harrastanut joukkuevoimistelua yhteens\u00e4 14-vuotta niin SM-tasolla kuin my\u00f6s kilpatasolla Forssan voimistelijoissa ja Turun Pyrkiv\u00e4ss\u00e4. Jo nuoresta &hellip; <\/p>\n<p class=\"link-more\"><a href=\"https:\/\/www.soteekki.fi\/blogi\/blogisarja-fitnessta-ja-fysioterapiaa\/\" class=\"more-link\">Continue reading<span class=\"screen-reader-text\"> &#8220;Blogisarja: fitnesst\u00e4 ja fysioterapiaa&#8221;<\/span><\/a><\/p>\n","protected":false},"author":3,"featured_media":0,"comment_status":"open","ping_status":"open","sticky":false,"template":"","format":"standard","meta":{"footnotes":""},"categories":[11],"tags":[],"class_list":["post-742","post","type-post","status-publish","format-standard","hentry","category-yleinen-fi"],"_links":{"self":[{"href":"https:\/\/www.soteekki.fi\/blogi\/wp-json\/wp\/v2\/posts\/742","targetHints":{"allow":["GET"]}}],"collection":[{"href":"https:\/\/www.soteekki.fi\/blogi\/wp-json\/wp\/v2\/posts"}],"about":[{"href":"https:\/\/www.soteekki.fi\/blogi\/wp-json\/wp\/v2\/types\/post"}],"author":[{"embeddable":true,"href":"https:\/\/www.soteekki.fi\/blogi\/wp-json\/wp\/v2\/users\/3"}],"replies":[{"embeddable":true,"href":"https:\/\/www.soteekki.fi\/blogi\/wp-json\/wp\/v2\/comments?post=742"}],"version-history":[{"count":1,"href":"https:\/\/www.soteekki.fi\/blogi\/wp-json\/wp\/v2\/posts\/742\/revisions"}],"predecessor-version":[{"id":757,"href":"https:\/\/www.soteekki.fi\/blogi\/wp-json\/wp\/v2\/posts\/742\/revisions\/757"}],"wp:attachment":[{"href":"https:\/\/www.soteekki.fi\/blogi\/wp-json\/wp\/v2\/media?parent=742"}],"wp:term":[{"taxonomy":"category","embeddable":true,"href":"https:\/\/www.soteekki.fi\/blogi\/wp-json\/wp\/v2\/categories?post=742"},{"taxonomy":"post_tag","embeddable":true,"href":"https:\/\/www.soteekki.fi\/blogi\/wp-json\/wp\/v2\/tags?post=742"}],"curies":[{"name":"wp","href":"https:\/\/api.w.org\/{rel}","templated":true}]}}